{"id":4271,"date":"2025-03-12T19:19:35","date_gmt":"2025-03-12T19:19:35","guid":{"rendered":"https:\/\/reporte272.com\/portal\/?p=4271"},"modified":"2025-03-12T19:19:36","modified_gmt":"2025-03-12T19:19:36","slug":"culminara-ruth-garcia-meza-administracion-con-cuentas-claras","status":"publish","type":"post","link":"https:\/\/reporte272.com\/portal\/culminara-ruth-garcia-meza-administracion-con-cuentas-claras\/","title":{"rendered":"Culminar\u00e1 Ruth Garc\u00eda Meza administraci\u00f3n con cuentas claras"},"content":{"rendered":"\n<p class=\"wp-block-paragraph\"><strong>La Perla, Ver. (Reporte272 \/ Alfonso Yonca Glez). \u2013<\/strong> La presidenta Municipal de La Perla, Ruth Garc\u00eda Meza, reafirm\u00f3 su compromiso de concluir su administraci\u00f3n con transparencia cumpliendo con algunos cambios a la normativa.<br>Reconoci\u00f3 que, aunque durante su gesti\u00f3n se han presentado algunas observaciones menores de car\u00e1cter administrativo, est\u00e1n acelerando el proceso de solventaci\u00f3n sobre todo en el tema de obra p\u00fablica.<br>&#8220;No podemos permitirnos dejar proyectos inconclusos; nuestro objetivo es concluir cada obra en tiempo y forma, con la documentaci\u00f3n correspondiente en regla\u201d, afirm\u00f3.<br>Garc\u00eda Meza descart\u00f3 despidos ante el cierre de su administraci\u00f3n por ello est\u00e1n realizando una revisi\u00f3n exhaustiva a los proyectos para garantizar que se cumplan sin contratiempos.<br>A\u00f1adi\u00f3 que se encuentran en la programaci\u00f3n del total de obras que har\u00e1n en el \u00faltimo a\u00f1o de su administraci\u00f3n sobre todo porque ha habido algunos ajustes en el presupuesto por el tema de los pueblos ind\u00edgenas, situaci\u00f3n que los han obligado a reorganizar el plan de trabajo.<\/p>\n","protected":false},"excerpt":{"rendered":"<p>La Perla, Ver. (Reporte272 \/ Alfonso Yonca Glez). \u2013 La presidenta Municipal de La Perla, Ruth Garc\u00eda Meza, reafirm\u00f3 su compromiso de concluir su administraci\u00f3n con transparencia cumpliendo con algunos cambios a la normativa.Reconoci\u00f3 que, aunque durante su gesti\u00f3n se han presentado algunas observaciones menores de car\u00e1cter administrativo, est\u00e1n acelerando el proceso de solventaci\u00f3n sobre [&hellip;]<\/p>\n","protected":false},"author":2,"featured_media":4272,"comment_status":"open","ping_status":"open","sticky":false,"template":"","format":"standard","meta":{"rop_custom_images_group":[],"rop_custom_messages_group":[],"rop_publish_now":"initial","rop_publish_now_accounts":{"facebook_2001103103558832_108675811699976":""},"rop_publish_now_history":[],"rop_publish_now_status":"pending","footnotes":""},"categories":[5],"tags":[],"class_list":["post-4271","post","type-post","status-publish","format-standard","has-post-thumbnail","hentry","category-local"],"_links":{"self":[{"href":"https:\/\/reporte272.com\/portal\/wp-json\/wp\/v2\/posts\/4271","targetHints":{"allow":["GET"]}}],"collection":[{"href":"https:\/\/reporte272.com\/portal\/wp-json\/wp\/v2\/posts"}],"about":[{"href":"https:\/\/reporte272.com\/portal\/wp-json\/wp\/v2\/types\/post"}],"author":[{"embeddable":true,"href":"https:\/\/reporte272.com\/portal\/wp-json\/wp\/v2\/users\/2"}],"replies":[{"embeddable":true,"href":"https:\/\/reporte272.com\/portal\/wp-json\/wp\/v2\/comments?post=4271"}],"version-history":[{"count":1,"href":"https:\/\/reporte272.com\/portal\/wp-json\/wp\/v2\/posts\/4271\/revisions"}],"predecessor-version":[{"id":4273,"href":"https:\/\/reporte272.com\/portal\/wp-json\/wp\/v2\/posts\/4271\/revisions\/4273"}],"wp:featuredmedia":[{"embeddable":true,"href":"https:\/\/reporte272.com\/portal\/wp-json\/wp\/v2\/media\/4272"}],"wp:attachment":[{"href":"https:\/\/reporte272.com\/portal\/wp-json\/wp\/v2\/media?parent=4271"}],"wp:term":[{"taxonomy":"category","embeddable":true,"href":"https:\/\/reporte272.com\/portal\/wp-json\/wp\/v2\/categories?post=4271"},{"taxonomy":"post_tag","embeddable":true,"href":"https:\/\/reporte272.com\/portal\/wp-json\/wp\/v2\/tags?post=4271"}],"curies":[{"name":"wp","href":"https:\/\/api.w.org\/{rel}","templated":true}]}}