{"id":4288,"date":"2025-03-14T12:49:57","date_gmt":"2025-03-14T12:49:57","guid":{"rendered":"https:\/\/reporte272.com\/portal\/?p=4288"},"modified":"2025-03-14T12:50:10","modified_gmt":"2025-03-14T12:50:10","slug":"inauguran-nueva-central-de-emergencias-que-brindara-atencion-a-ciudad-mendoza-y-la-region","status":"publish","type":"post","link":"https:\/\/reporte272.com\/portal\/inauguran-nueva-central-de-emergencias-que-brindara-atencion-a-ciudad-mendoza-y-la-region\/","title":{"rendered":"Inauguran nueva Central de Emergencias que brindar\u00e1 atenci\u00f3n a Ciudad Mendoza y la regi\u00f3n"},"content":{"rendered":"\n<p class=\"wp-block-paragraph\"><strong>Camerino Z. Mendoza, Ver. \u2013<\/strong> En un esfuerzo por fortalecer la seguridad y el bienestar de la comunidad, el presidente municipal, H\u00e9ctor Rodr\u00edguez Cort\u00e9s, acompa\u00f1ado de su comuna e integrantes de diversas corporaciones de auxilio, inaugur\u00f3 la Central de Emergencias que ahora es lugar clave, para la respuesta inmediata ante cualquier eventualidad.<br>El alcalde H\u00e9ctor Rodr\u00edguez Cort\u00e9s, detall\u00f3 que la nueva central cuenta con una construcci\u00f3n de 177.18 metros cuadrados distribuida en dos plantas, que incluyen tres oficinas, un recibidor, un medio ba\u00f1o, un ba\u00f1o completo, \u00e1rea de cocina, dormitorio y un estacionamiento de 157.65 metros cuadrados.<br>La infraestructura fue desarrollada con materiales de alta calidad, incorporando muros de block, castillos, instalaciones el\u00e9ctricas, hidr\u00e1ulicas y sanitarias, adem\u00e1s de cisterna, protecciones, barandales y pintura, entre otros acabados.<br>&#8220;La seguridad no solo es una prioridad, sino un compromiso permanente. Con esta Central de Emergencias reforzamos nuestra capacidad de respuesta ante cualquier incidente. Esta instalaci\u00f3n representa esperanza, acci\u00f3n inmediata y el respaldo que nuestra ciudadan\u00eda merece&#8221;, expres\u00f3 el Alcalde.<br>Record\u00f3 que, en 2024, los incendios afectaron miles de hect\u00e1reas en la zona, lo que resalta la importancia de contar con una respuesta \u00e1gil y eficiente. En este sentido, la central ser\u00e1 el punto de operaci\u00f3n para Protecci\u00f3n Civil de Ciudad Mendoza, la Comisi\u00f3n Nacional Forestal (CONAFOR) y la Secretar\u00eda de Medio Ambiente (SEDEMA) .<br>Durante el evento, Jos\u00e9 Luis Palma D\u00e9ctor, enlace regional de Protecci\u00f3n Civil, agradeci\u00f3 al Alcalde, en nombre de la titular de Protecci\u00f3n Civil Estatal, Guadalupe Osorno Maldonado, por su apoyo en el fortalecimiento de las estrategias de atenci\u00f3n a emergencias.<br>&#8220;Le agradezco, Alcalde. Ciudad Mendoza siempre nos ha brindado su respaldo en situaciones de emergencia. Felicito a toda la comuna por este edificio, que sin duda fortalecer\u00e1 la capacidad de respuesta del municipio&#8221;, resalt\u00f3 Palma D\u00e9ctor.<br>Por su parte, el bi\u00f3logo Ascenci\u00f3n Enrique Trujillo Rosas, jefe del Departamento y Protecci\u00f3n Forestal de la SEDEMA, inform\u00f3 que, en coordinaci\u00f3n con CONAFOR, se contar\u00e1 con una brigada de 10 elementos que operar\u00e1 desde la central para el combate de incendios y la supervisi\u00f3n de quemas agr\u00edcolas controladas. Adem\u00e1s, se prev\u00e9 la conformaci\u00f3n de una brigada adicional.<br>A su vez, David Rosales P\u00e9rez, representante de la Brigada Alfa de CONAFOR, agradeci\u00f3 a las autoridades por facilitar un espacio adecuado, ya que las instalaciones cumplen con los requisitos necesarios para su operaci\u00f3n.<br>La inauguraci\u00f3n cont\u00f3 con la presencia del alcalde C. H\u00e9ctor Rodr\u00edguez Cort\u00e9s, acompa\u00f1ado por la s\u00edndica Lic. Mar\u00eda Isabel Morales Herrera; el regidor primero, Francisco Gorozpe Garc\u00eda; el regidor segundo Lic. Antonio Jorge Contreras Romero, la regidora tercera Lic. Elda Quintero M\u00e1rmol D\u00edaz. As\u00ed como el tesorero municipal, LFCP Abel V\u00e1zquez; el director de Obras P\u00fablicas, Arq. Arturo Vargas Arceo, y el director de PC Mendoza, Ing. Alberto Leal Cruz.<br>Tambi\u00e9n asistieron representantes de Pemex, Bomberos Metropolitanos, Bomberos de Fort\u00edn, Amatl\u00e1n, Altas Monta\u00f1as, Protecci\u00f3n Civil de Huiloapan, Nogales, Acultzingo, La Perla, Tlilapan, entre otros, quienes atestiguaron la apertura formal de la nueva Central de Emergencias.<br>Al t\u00e9rmino, hubo un simulacro de emergencias, donde participaron elementos y unidades de los diferentes cuerpos de emergencia presentes.<\/p>\n\n\n\n<p class=\"wp-block-paragraph\"> A 13 de marzo de 2025<\/p>\n","protected":false},"excerpt":{"rendered":"<p>Camerino Z. Mendoza, Ver. \u2013 En un esfuerzo por fortalecer la seguridad y el bienestar de la comunidad, el presidente municipal, H\u00e9ctor Rodr\u00edguez Cort\u00e9s, acompa\u00f1ado de su comuna e integrantes de diversas corporaciones de auxilio, inaugur\u00f3 la Central de Emergencias que ahora es lugar clave, para la respuesta inmediata ante cualquier eventualidad.El alcalde H\u00e9ctor Rodr\u00edguez [&hellip;]<\/p>\n","protected":false},"author":2,"featured_media":4289,"comment_status":"open","ping_status":"open","sticky":false,"template":"","format":"standard","meta":{"rop_custom_images_group":[],"rop_custom_messages_group":[],"rop_publish_now":"initial","rop_publish_now_accounts":{"facebook_2001103103558832_108675811699976":""},"rop_publish_now_history":[],"rop_publish_now_status":"pending","footnotes":""},"categories":[5,10],"tags":[],"class_list":["post-4288","post","type-post","status-publish","format-standard","has-post-thumbnail","hentry","category-local","category-portada"],"_links":{"self":[{"href":"https:\/\/reporte272.com\/portal\/wp-json\/wp\/v2\/posts\/4288","targetHints":{"allow":["GET"]}}],"collection":[{"href":"https:\/\/reporte272.com\/portal\/wp-json\/wp\/v2\/posts"}],"about":[{"href":"https:\/\/reporte272.com\/portal\/wp-json\/wp\/v2\/types\/post"}],"author":[{"embeddable":true,"href":"https:\/\/reporte272.com\/portal\/wp-json\/wp\/v2\/users\/2"}],"replies":[{"embeddable":true,"href":"https:\/\/reporte272.com\/portal\/wp-json\/wp\/v2\/comments?post=4288"}],"version-history":[{"count":1,"href":"https:\/\/reporte272.com\/portal\/wp-json\/wp\/v2\/posts\/4288\/revisions"}],"predecessor-version":[{"id":4290,"href":"https:\/\/reporte272.com\/portal\/wp-json\/wp\/v2\/posts\/4288\/revisions\/4290"}],"wp:featuredmedia":[{"embeddable":true,"href":"https:\/\/reporte272.com\/portal\/wp-json\/wp\/v2\/media\/4289"}],"wp:attachment":[{"href":"https:\/\/reporte272.com\/portal\/wp-json\/wp\/v2\/media?parent=4288"}],"wp:term":[{"taxonomy":"category","embeddable":true,"href":"https:\/\/reporte272.com\/portal\/wp-json\/wp\/v2\/categories?post=4288"},{"taxonomy":"post_tag","embeddable":true,"href":"https:\/\/reporte272.com\/portal\/wp-json\/wp\/v2\/tags?post=4288"}],"curies":[{"name":"wp","href":"https:\/\/api.w.org\/{rel}","templated":true}]}}