{"id":4303,"date":"2025-03-14T13:23:36","date_gmt":"2025-03-14T13:23:36","guid":{"rendered":"https:\/\/reporte272.com\/portal\/?p=4303"},"modified":"2025-03-14T13:23:37","modified_gmt":"2025-03-14T13:23:37","slug":"elefante-grupo-jalado-rondalla-de-saltillo-se-presentaran-en-el-festival-de-tehuacan-xopan-xiuhmeztli","status":"publish","type":"post","link":"https:\/\/reporte272.com\/portal\/elefante-grupo-jalado-rondalla-de-saltillo-se-presentaran-en-el-festival-de-tehuacan-xopan-xiuhmeztli\/","title":{"rendered":"Elefante, Grupo Jalado, Rondalla de Saltillo se presentar\u00e1n en el festival de Tehuac\u00e1n Xopan Xiuhmeztli"},"content":{"rendered":"\n<p class=\"wp-block-paragraph\"><strong>Tehuac\u00e1n, Pue. (Yomara Pacheco).-<\/strong> A tres d\u00edas de celebrarse el 365 aniversario de la elevaci\u00f3n de Tehuac\u00e1n a Ciudad de Indios, ya se encuentra todo listo para el inicio al festival de Identidad Xopan Xiuhmeztli que se desarrollar\u00e1 del 16 al 23 de marzo, por lo que autoridades han confirmado la participaci\u00f3n de m\u00e1s de 40 artistas locales y nacionales, entre los que se encuentran Elefante, Mi Banda El Mexicano, la Rondalla de Saltillo, Grupo Jalada, adem\u00e1s de la presentaci\u00f3n de la Guelaguetza de Oaxaca.<\/p>\n\n\n\n<p class=\"wp-block-paragraph\">El presidente municipal, Alejandro Barroso Ch\u00e1vez indic\u00f3 que ser\u00e1 el 16 de marzo cuando se llevar\u00e1 a cabo la ceremonia conmemorativa de elevaci\u00f3n de Tehuac\u00e1n a Ciudad de Indios a las 9:00 horas, un acontecimiento muy importante para los habitantes del municipio, pues se estuvo a punto de ser Villa de Espa\u00f1oles, adem\u00e1s de que se tendr\u00e1 la presentaci\u00f3n de un libro con la historia de la ciudad.<\/p>\n\n\n\n<p class=\"wp-block-paragraph\">En esta conmemoraci\u00f3n expres\u00f3 se tendr\u00e1 una cartelera art\u00edstica-cultural en donde el 90 por ciento es talento local, por lo que el pr\u00f3ximo domingo desde las 16:00 horas se tendr\u00e1n presentaciones musicales en la explanada municipal y a las 19:30 horas se tendr\u00e1 en el escenario al grupo \u201cElefante\u201d.<\/p>\n\n\n\n<p class=\"wp-block-paragraph\">Coment\u00f3 que tambi\u00e9n en esta fiesta de identidad se contar\u00e1 en la parte art\u00edstica de Mi Banda el Mexicano, Grupo Jalado, Rondalla de Saltillo, la Guelaguetza de Oaxaca y m\u00e1s de 40 artistas locales.<\/p>\n\n\n\n<p class=\"wp-block-paragraph\">Debido a que se espera mayor afluencia tur\u00edstica y derrama econ\u00f3mica el edil dijo que se estar\u00e1 garantizando la seguridad de los visitantes. Mencion\u00f3 que incluso este jueves acudieron a la ciudad de Puebla las comisiones de Cultura, Patrimonio Hist\u00f3rico y Turismo para promover el festival, actividad que tambi\u00e9n se estar\u00e1 replicando en Oaxaca y Veracruz, para atraer a visitantes, pues no solo es que vengan a ver a los artistas, sino que conozcan de la cultura del municipio.<\/p>\n\n\n\n<p class=\"wp-block-paragraph\"><strong>A 14 de marzo de 2025, s\u00edguenos en Facebook Reporte272<\/strong><\/p>\n\n\n\n<p class=\"wp-block-paragraph\"><\/p>\n","protected":false},"excerpt":{"rendered":"<p>Tehuac\u00e1n, Pue. (Yomara Pacheco).- A tres d\u00edas de celebrarse el 365 aniversario de la elevaci\u00f3n de Tehuac\u00e1n a Ciudad de Indios, ya se encuentra todo listo para el inicio al festival de Identidad Xopan Xiuhmeztli que se desarrollar\u00e1 del 16 al 23 de marzo, por lo que autoridades han confirmado la participaci\u00f3n de m\u00e1s de [&hellip;]<\/p>\n","protected":false},"author":2,"featured_media":4304,"comment_status":"open","ping_status":"open","sticky":false,"template":"","format":"standard","meta":{"rop_custom_images_group":[],"rop_custom_messages_group":[],"rop_publish_now":"initial","rop_publish_now_accounts":{"facebook_2001103103558832_108675811699976":""},"rop_publish_now_history":[],"rop_publish_now_status":"pending","footnotes":""},"categories":[7],"tags":[],"class_list":["post-4303","post","type-post","status-publish","format-standard","has-post-thumbnail","hentry","category-nacional"],"_links":{"self":[{"href":"https:\/\/reporte272.com\/portal\/wp-json\/wp\/v2\/posts\/4303","targetHints":{"allow":["GET"]}}],"collection":[{"href":"https:\/\/reporte272.com\/portal\/wp-json\/wp\/v2\/posts"}],"about":[{"href":"https:\/\/reporte272.com\/portal\/wp-json\/wp\/v2\/types\/post"}],"author":[{"embeddable":true,"href":"https:\/\/reporte272.com\/portal\/wp-json\/wp\/v2\/users\/2"}],"replies":[{"embeddable":true,"href":"https:\/\/reporte272.com\/portal\/wp-json\/wp\/v2\/comments?post=4303"}],"version-history":[{"count":1,"href":"https:\/\/reporte272.com\/portal\/wp-json\/wp\/v2\/posts\/4303\/revisions"}],"predecessor-version":[{"id":4305,"href":"https:\/\/reporte272.com\/portal\/wp-json\/wp\/v2\/posts\/4303\/revisions\/4305"}],"wp:featuredmedia":[{"embeddable":true,"href":"https:\/\/reporte272.com\/portal\/wp-json\/wp\/v2\/media\/4304"}],"wp:attachment":[{"href":"https:\/\/reporte272.com\/portal\/wp-json\/wp\/v2\/media?parent=4303"}],"wp:term":[{"taxonomy":"category","embeddable":true,"href":"https:\/\/reporte272.com\/portal\/wp-json\/wp\/v2\/categories?post=4303"},{"taxonomy":"post_tag","embeddable":true,"href":"https:\/\/reporte272.com\/portal\/wp-json\/wp\/v2\/tags?post=4303"}],"curies":[{"name":"wp","href":"https:\/\/api.w.org\/{rel}","templated":true}]}}