{"id":4323,"date":"2025-03-17T15:52:41","date_gmt":"2025-03-17T15:52:41","guid":{"rendered":"https:\/\/reporte272.com\/portal\/?p=4323"},"modified":"2025-03-17T15:52:42","modified_gmt":"2025-03-17T15:52:42","slug":"maestros-de-las-altas-montanas-se-sumaran-al-paro-magisterial-en-rechazo-a-la-reforma-a-la-ley-del-issste","status":"publish","type":"post","link":"https:\/\/reporte272.com\/portal\/maestros-de-las-altas-montanas-se-sumaran-al-paro-magisterial-en-rechazo-a-la-reforma-a-la-ley-del-issste\/","title":{"rendered":"Maestros de las Altas Monta\u00f1as se sumar\u00e1n al paro magisterial en rechazo a la Reforma a la Ley del ISSSTE"},"content":{"rendered":"\n<p class=\"wp-block-paragraph\"><strong>Orizaba, Ver. (Reporte272 \/ Ixio Loaiza).-<\/strong> Maestros de la regi\u00f3n de Las Altas Monta\u00f1as anunciaron que se sumar\u00e1n a paro magisterial en los d\u00edas 19, 20 y 21 de marzo esperando una participaci\u00f3n activa de m\u00e1s de 3 mil docentes de la zona, como una muestra de protesta contra la Ley del ISSSTE.<\/p>\n\n\n\n<p class=\"wp-block-paragraph\">&#8220;El objetivo principal es el paro de 72 horas las acciones primordiales que vamos a encomendar son la marcha del 19 a nivel nacional en la Ciudad de M\u00e9xico y en lo posterior las otras acciones que es brigadear dentro de nuestras mismas zonas para poder concretar todo el sector del centro porque no solamente es Orizaba estamos hablando de Zongolica, Tequila C\u00f3rdoba y municipio de Orizaba, los cuales tienen diferentes zonas escolares, diferentes municipios y pretendemos unificar a toda la zona centro&#8221;.<br>Advirtieron que la toma de otras acciones como el cierre de carreteras, puede ser posible en funci\u00f3n a la respuesta que la mesa de negociaci\u00f3n entre para el d\u00eda 19 para el 20 se d\u00e9, destacando que para el 19 de este mes el mi\u00e9rcoles se van a la Ciudad de M\u00e9xico a participar del movimiento con la exigencia que se abrogue la ley del ISSSTE del 2017.<br>&#8220;Si no vemos una apertura en este caso del Gobierno Federal puede ser porque es la opci\u00f3n es la fuerza que hace que \u00e9l nos escuche nosotros somos respetuosos pero a veces buscamos al extremo pero de manera pac\u00edfica por supuesto, no vamos a afectar vamos a hacer lo posible probablemente una hora en el tramo de aqu\u00ed de Orizaba C\u00f3rdoba no hay caseta pero podr\u00eda ser en cualquier punto&#8221;.<br>En conferencia de prensa los docentes de la zona ind\u00edgena de Zongolica informaron que su lucha se enfoca en la abrogaci\u00f3n de la Ley del ISSSTE del 2017 y que en su momento el presidente Andr\u00e9s Manuel L\u00f3pez Obrador afirm\u00f3 que si se iba a abrogar, finaliz\u00f3 su sexenio y se encuentra actualmente Claudia Sheinbaum gobernando y la que recientemente se presenta no habla de modificaciones al tema de pensiones para que les paguen el pesos y no en UMAS adem\u00e1s de que disminuya la edad de servicio de jubilaci\u00f3n de los docentes.<\/p>\n","protected":false},"excerpt":{"rendered":"<p>Orizaba, Ver. (Reporte272 \/ Ixio Loaiza).- Maestros de la regi\u00f3n de Las Altas Monta\u00f1as anunciaron que se sumar\u00e1n a paro magisterial en los d\u00edas 19, 20 y 21 de marzo esperando una participaci\u00f3n activa de m\u00e1s de 3 mil docentes de la zona, como una muestra de protesta contra la Ley del ISSSTE. &#8220;El objetivo [&hellip;]<\/p>\n","protected":false},"author":2,"featured_media":4324,"comment_status":"open","ping_status":"open","sticky":false,"template":"","format":"standard","meta":{"rop_custom_images_group":[],"rop_custom_messages_group":[],"rop_publish_now":"initial","rop_publish_now_accounts":{"facebook_2001103103558832_108675811699976":""},"rop_publish_now_history":[],"rop_publish_now_status":"pending","footnotes":""},"categories":[5,10],"tags":[],"class_list":["post-4323","post","type-post","status-publish","format-standard","has-post-thumbnail","hentry","category-local","category-portada"],"_links":{"self":[{"href":"https:\/\/reporte272.com\/portal\/wp-json\/wp\/v2\/posts\/4323","targetHints":{"allow":["GET"]}}],"collection":[{"href":"https:\/\/reporte272.com\/portal\/wp-json\/wp\/v2\/posts"}],"about":[{"href":"https:\/\/reporte272.com\/portal\/wp-json\/wp\/v2\/types\/post"}],"author":[{"embeddable":true,"href":"https:\/\/reporte272.com\/portal\/wp-json\/wp\/v2\/users\/2"}],"replies":[{"embeddable":true,"href":"https:\/\/reporte272.com\/portal\/wp-json\/wp\/v2\/comments?post=4323"}],"version-history":[{"count":1,"href":"https:\/\/reporte272.com\/portal\/wp-json\/wp\/v2\/posts\/4323\/revisions"}],"predecessor-version":[{"id":4325,"href":"https:\/\/reporte272.com\/portal\/wp-json\/wp\/v2\/posts\/4323\/revisions\/4325"}],"wp:featuredmedia":[{"embeddable":true,"href":"https:\/\/reporte272.com\/portal\/wp-json\/wp\/v2\/media\/4324"}],"wp:attachment":[{"href":"https:\/\/reporte272.com\/portal\/wp-json\/wp\/v2\/media?parent=4323"}],"wp:term":[{"taxonomy":"category","embeddable":true,"href":"https:\/\/reporte272.com\/portal\/wp-json\/wp\/v2\/categories?post=4323"},{"taxonomy":"post_tag","embeddable":true,"href":"https:\/\/reporte272.com\/portal\/wp-json\/wp\/v2\/tags?post=4323"}],"curies":[{"name":"wp","href":"https:\/\/api.w.org\/{rel}","templated":true}]}}