{"id":4326,"date":"2025-03-17T17:03:48","date_gmt":"2025-03-17T17:03:48","guid":{"rendered":"https:\/\/reporte272.com\/portal\/?p=4326"},"modified":"2025-03-17T17:03:49","modified_gmt":"2025-03-17T17:03:49","slug":"imparable-la-inseguridad-en-cordoba-pueblo-magico-asaltan-farmacia-guadalajara-de-el-pueblito","status":"publish","type":"post","link":"https:\/\/reporte272.com\/portal\/imparable-la-inseguridad-en-cordoba-pueblo-magico-asaltan-farmacia-guadalajara-de-el-pueblito\/","title":{"rendered":"Imparable la inseguridad en C\u00f3rdoba Pueblo M\u00e1gico; asaltan Farmacia Guadalajara de El Pueblito"},"content":{"rendered":"\n<p class=\"wp-block-paragraph\"><strong>C\u00f3rdoba, Veracruz. \u2013<\/strong> Este lunes por la ma\u00f1ana, un grupo de personas 4rmadas tom\u00f3 por 4salt\u00f3 a empleados de Farmacia Guadalajara ubicada en la colonia El Pueblito, despoj\u00e1ndolos de la cuenta. Los d3lincuentes huyeron r\u00e1pidamente sin que se registraran detenciones hasta el momento.<\/p>\n\n\n\n<p class=\"wp-block-paragraph\">Elementos de la Guardia Nacional, junto con personal de la Secretar\u00eda de Seguridad P\u00fablica, se presentaron en el lugar de los hechos, sobre la avenida principal de la colonia El Pueblito, para recabar informaci\u00f3n. Los agentes entrevistaron a los empleados y, con base en las caracter\u00edsticas de los 4saltantes, han iniciado un operativo de b\u00fasqueda para dar con su paradero.<\/p>\n\n\n\n<p class=\"wp-block-paragraph\">Este incidente se suma a la creciente ola de inseguridad en la ciudad, conocida tambi\u00e9n como \u201cpueblo m\u00e1gico\u201d. Cabe recordar que el fin de semana pasado, la ciudad fue escenario de un lamentable hecho de violencia, cuando un padre y su hijo fueron asesinados en una cancha deportiva.<\/p>\n\n\n\n<p class=\"wp-block-paragraph\">A pesar de los hechos recientes, el presidente municipal Juan Mart\u00ednez Flores ha mantenido una postura contraria, asegurando que los \u00edndices delictivos est\u00e1n a la baja.<\/p>\n","protected":false},"excerpt":{"rendered":"<p>C\u00f3rdoba, Veracruz. \u2013 Este lunes por la ma\u00f1ana, un grupo de personas 4rmadas tom\u00f3 por 4salt\u00f3 a empleados de Farmacia Guadalajara ubicada en la colonia El Pueblito, despoj\u00e1ndolos de la cuenta. Los d3lincuentes huyeron r\u00e1pidamente sin que se registraran detenciones hasta el momento. Elementos de la Guardia Nacional, junto con personal de la Secretar\u00eda de [&hellip;]<\/p>\n","protected":false},"author":2,"featured_media":4327,"comment_status":"open","ping_status":"open","sticky":false,"template":"","format":"standard","meta":{"rop_custom_images_group":[],"rop_custom_messages_group":[],"rop_publish_now":"initial","rop_publish_now_accounts":{"facebook_2001103103558832_108675811699976":""},"rop_publish_now_history":[],"rop_publish_now_status":"pending","footnotes":""},"categories":[9],"tags":[],"class_list":["post-4326","post","type-post","status-publish","format-standard","has-post-thumbnail","hentry","category-policiaca"],"_links":{"self":[{"href":"https:\/\/reporte272.com\/portal\/wp-json\/wp\/v2\/posts\/4326","targetHints":{"allow":["GET"]}}],"collection":[{"href":"https:\/\/reporte272.com\/portal\/wp-json\/wp\/v2\/posts"}],"about":[{"href":"https:\/\/reporte272.com\/portal\/wp-json\/wp\/v2\/types\/post"}],"author":[{"embeddable":true,"href":"https:\/\/reporte272.com\/portal\/wp-json\/wp\/v2\/users\/2"}],"replies":[{"embeddable":true,"href":"https:\/\/reporte272.com\/portal\/wp-json\/wp\/v2\/comments?post=4326"}],"version-history":[{"count":1,"href":"https:\/\/reporte272.com\/portal\/wp-json\/wp\/v2\/posts\/4326\/revisions"}],"predecessor-version":[{"id":4328,"href":"https:\/\/reporte272.com\/portal\/wp-json\/wp\/v2\/posts\/4326\/revisions\/4328"}],"wp:featuredmedia":[{"embeddable":true,"href":"https:\/\/reporte272.com\/portal\/wp-json\/wp\/v2\/media\/4327"}],"wp:attachment":[{"href":"https:\/\/reporte272.com\/portal\/wp-json\/wp\/v2\/media?parent=4326"}],"wp:term":[{"taxonomy":"category","embeddable":true,"href":"https:\/\/reporte272.com\/portal\/wp-json\/wp\/v2\/categories?post=4326"},{"taxonomy":"post_tag","embeddable":true,"href":"https:\/\/reporte272.com\/portal\/wp-json\/wp\/v2\/tags?post=4326"}],"curies":[{"name":"wp","href":"https:\/\/api.w.org\/{rel}","templated":true}]}}