{"id":4329,"date":"2025-03-17T17:53:51","date_gmt":"2025-03-17T17:53:51","guid":{"rendered":"https:\/\/reporte272.com\/portal\/?p=4329"},"modified":"2025-03-17T17:53:52","modified_gmt":"2025-03-17T17:53:52","slug":"privan-de-la-vida-a-comerciante-en-mercado-de-la-industria","status":"publish","type":"post","link":"https:\/\/reporte272.com\/portal\/privan-de-la-vida-a-comerciante-en-mercado-de-la-industria\/","title":{"rendered":"Privan de la vida a comerciante en Mercado de La Industria"},"content":{"rendered":"\n<p class=\"wp-block-paragraph\"><strong>Camerino Z. Mendoza, Ver. <\/strong>De certeros b4lazos fue 4cribillado a plena luz del d\u00eda un comerciante de apellido Xocua en uno de los locales de verdura de la calle de la Industria, frente a la f\u00e1brica textil CIVSA, gener\u00f3 la movilizaci\u00f3n de las fuerzas policiales.<\/p>\n\n\n\n<p class=\"wp-block-paragraph\">Hoy por la ma\u00f1ana el mercader se encontraba acomodando su mercanc\u00eda cuando fue privad&amp; de la vid4 de varios 1mpactos de 4rma de fu3go, el cu3rpo qued\u00f3 tendido sobre el piso.<\/p>\n\n\n\n<p class=\"wp-block-paragraph\">Sobre este hecho v1olento gener\u00f3 la movilizaci\u00f3n de las fuerzas policiales de los tres niveles de gobierno, la zona fue acordonada con cinta amarilla.<\/p>\n","protected":false},"excerpt":{"rendered":"<p>Camerino Z. Mendoza, Ver. De certeros b4lazos fue 4cribillado a plena luz del d\u00eda un comerciante de apellido Xocua en uno de los locales de verdura de la calle de la Industria, frente a la f\u00e1brica textil CIVSA, gener\u00f3 la movilizaci\u00f3n de las fuerzas policiales. Hoy por la ma\u00f1ana el mercader se encontraba acomodando su [&hellip;]<\/p>\n","protected":false},"author":2,"featured_media":4330,"comment_status":"open","ping_status":"open","sticky":false,"template":"","format":"standard","meta":{"rop_custom_images_group":[],"rop_custom_messages_group":[],"rop_publish_now":"initial","rop_publish_now_accounts":{"facebook_2001103103558832_108675811699976":""},"rop_publish_now_history":[],"rop_publish_now_status":"pending","footnotes":""},"categories":[9],"tags":[],"class_list":["post-4329","post","type-post","status-publish","format-standard","has-post-thumbnail","hentry","category-policiaca"],"_links":{"self":[{"href":"https:\/\/reporte272.com\/portal\/wp-json\/wp\/v2\/posts\/4329","targetHints":{"allow":["GET"]}}],"collection":[{"href":"https:\/\/reporte272.com\/portal\/wp-json\/wp\/v2\/posts"}],"about":[{"href":"https:\/\/reporte272.com\/portal\/wp-json\/wp\/v2\/types\/post"}],"author":[{"embeddable":true,"href":"https:\/\/reporte272.com\/portal\/wp-json\/wp\/v2\/users\/2"}],"replies":[{"embeddable":true,"href":"https:\/\/reporte272.com\/portal\/wp-json\/wp\/v2\/comments?post=4329"}],"version-history":[{"count":1,"href":"https:\/\/reporte272.com\/portal\/wp-json\/wp\/v2\/posts\/4329\/revisions"}],"predecessor-version":[{"id":4331,"href":"https:\/\/reporte272.com\/portal\/wp-json\/wp\/v2\/posts\/4329\/revisions\/4331"}],"wp:featuredmedia":[{"embeddable":true,"href":"https:\/\/reporte272.com\/portal\/wp-json\/wp\/v2\/media\/4330"}],"wp:attachment":[{"href":"https:\/\/reporte272.com\/portal\/wp-json\/wp\/v2\/media?parent=4329"}],"wp:term":[{"taxonomy":"category","embeddable":true,"href":"https:\/\/reporte272.com\/portal\/wp-json\/wp\/v2\/categories?post=4329"},{"taxonomy":"post_tag","embeddable":true,"href":"https:\/\/reporte272.com\/portal\/wp-json\/wp\/v2\/tags?post=4329"}],"curies":[{"name":"wp","href":"https:\/\/api.w.org\/{rel}","templated":true}]}}