{"id":4343,"date":"2025-03-19T06:47:23","date_gmt":"2025-03-19T06:47:23","guid":{"rendered":"https:\/\/reporte272.com\/portal\/?p=4343"},"modified":"2025-03-19T06:47:24","modified_gmt":"2025-03-19T06:47:24","slug":"en-riesgo-escuela-primaria-por-baja-matricula","status":"publish","type":"post","link":"https:\/\/reporte272.com\/portal\/en-riesgo-escuela-primaria-por-baja-matricula\/","title":{"rendered":"En riesgo Escuela Primaria por baja matr\u00edcula"},"content":{"rendered":"\n<p class=\"wp-block-paragraph\">**Deben tener al menos 25 alumnos por cada grado<\/p>\n\n\n\n<p class=\"wp-block-paragraph\"><strong>Orizaba, Ver. (Reporte272 \/ Alfonso Yonca Glez).-<\/strong> Ante la baja matr\u00edcula que hay en la Escuela Primaria Josefa Ortiz de Dom\u00ednguez, de la Localidad Capultitla, del municipio Magdalena, est\u00e1 se encuentra en riesgo de perder su clave debido a que por grado deber\u00e1n contar con al menos 25 alumnos. <\/p>\n\n\n\n<p class=\"wp-block-paragraph\">Lo anterior se conoci\u00f3 luego de que padres de Familia que acudieron a protestar a la delegaci\u00f3n de la Secretar\u00eda de Educaci\u00f3n en Veracruz para solicitar al menos dos profesores ya que desde 2017, dos grados no tienen docentes.<\/p>\n\n\n\n<p class=\"wp-block-paragraph\">La respuesta que obtuvo una comisi\u00f3n que logr\u00f3 entablar dialogo con las autoridades educativas fue que al menos por cada grado deber\u00e1 contar con 25 alumnos, de lo contrario un maestro que est\u00e1 capacitado para ense\u00f1ar desde primero a sexto grado deber\u00e1 tener que acomodarse e impartir clases de lo contrario se corre el riesgo de perder la clave.<\/p>\n\n\n\n<p class=\"wp-block-paragraph\">&#8220;La secretar\u00eda esta manejando al menos 25 alumnos por cada grado en nivel primaria y est\u00e1 problem\u00e1tica no solo se presenta en Magdalena&#8221;.<\/p>\n","protected":false},"excerpt":{"rendered":"<p>**Deben tener al menos 25 alumnos por cada grado Orizaba, Ver. (Reporte272 \/ Alfonso Yonca Glez).- Ante la baja matr\u00edcula que hay en la Escuela Primaria Josefa Ortiz de Dom\u00ednguez, de la Localidad Capultitla, del municipio Magdalena, est\u00e1 se encuentra en riesgo de perder su clave debido a que por grado deber\u00e1n contar con al [&hellip;]<\/p>\n","protected":false},"author":2,"featured_media":4344,"comment_status":"open","ping_status":"open","sticky":false,"template":"","format":"standard","meta":{"rop_custom_images_group":[],"rop_custom_messages_group":[],"rop_publish_now":"initial","rop_publish_now_accounts":{"facebook_2001103103558832_108675811699976":""},"rop_publish_now_history":[],"rop_publish_now_status":"pending","footnotes":""},"categories":[6,5,10],"tags":[],"class_list":["post-4343","post","type-post","status-publish","format-standard","has-post-thumbnail","hentry","category-estatal","category-local","category-portada"],"_links":{"self":[{"href":"https:\/\/reporte272.com\/portal\/wp-json\/wp\/v2\/posts\/4343","targetHints":{"allow":["GET"]}}],"collection":[{"href":"https:\/\/reporte272.com\/portal\/wp-json\/wp\/v2\/posts"}],"about":[{"href":"https:\/\/reporte272.com\/portal\/wp-json\/wp\/v2\/types\/post"}],"author":[{"embeddable":true,"href":"https:\/\/reporte272.com\/portal\/wp-json\/wp\/v2\/users\/2"}],"replies":[{"embeddable":true,"href":"https:\/\/reporte272.com\/portal\/wp-json\/wp\/v2\/comments?post=4343"}],"version-history":[{"count":1,"href":"https:\/\/reporte272.com\/portal\/wp-json\/wp\/v2\/posts\/4343\/revisions"}],"predecessor-version":[{"id":4345,"href":"https:\/\/reporte272.com\/portal\/wp-json\/wp\/v2\/posts\/4343\/revisions\/4345"}],"wp:featuredmedia":[{"embeddable":true,"href":"https:\/\/reporte272.com\/portal\/wp-json\/wp\/v2\/media\/4344"}],"wp:attachment":[{"href":"https:\/\/reporte272.com\/portal\/wp-json\/wp\/v2\/media?parent=4343"}],"wp:term":[{"taxonomy":"category","embeddable":true,"href":"https:\/\/reporte272.com\/portal\/wp-json\/wp\/v2\/categories?post=4343"},{"taxonomy":"post_tag","embeddable":true,"href":"https:\/\/reporte272.com\/portal\/wp-json\/wp\/v2\/tags?post=4343"}],"curies":[{"name":"wp","href":"https:\/\/api.w.org\/{rel}","templated":true}]}}