{"id":4346,"date":"2025-03-19T07:03:04","date_gmt":"2025-03-19T07:03:04","guid":{"rendered":"https:\/\/reporte272.com\/portal\/?p=4346"},"modified":"2025-03-19T07:07:24","modified_gmt":"2025-03-19T07:07:24","slug":"fernando-ochoa-recibe-nombramiento-como-promotor-de-la-cuarta-transformacion-de-ixhuatlancillo","status":"publish","type":"post","link":"https:\/\/reporte272.com\/portal\/fernando-ochoa-recibe-nombramiento-como-promotor-de-la-cuarta-transformacion-de-ixhuatlancillo\/","title":{"rendered":"Fernando Ochoa, recibe nombramiento como Promotor de la Cuarta Transformaci\u00f3n, de Ixhuatlancillo"},"content":{"rendered":"\n<p class=\"wp-block-paragraph\"><strong>Xalapa, Ver. (Reporte272).-<\/strong> El delegado Nacional con funciones de Secretario General del Comit\u00e9 Ejecutivo Estatal del Partido Verde Ecologista de M\u00e9xico en Veracruz, Edgar Herrera Lendechy entreg\u00f3 el nombramiento como Promotor de la Cuarta Transformaci\u00f3n a Fernando Ochoa Ochoa en Ixhuatlancillo.<\/p>\n\n\n\n<p class=\"wp-block-paragraph\">Durante la ceremonia de entrega, Herrera Lendechy dijo que las y los Coordinadores de la Defensa de la Transformaci\u00f3n Verde, as\u00ed como del Promotor de la Cuarta Transformaci\u00f3n en Veracruz, tienen el gran compromiso de continuar con la construcci\u00f3n de un extraordinario Veracruz.<\/p>\n\n\n\n<p class=\"wp-block-paragraph\">Su liderazgo y compromiso con la comunidad ser\u00e1n esenciales para consolidar el trabajo del PVEM en la regi\u00f3n y promover el bienestar ciudadano.<\/p>\n\n\n\n<p class=\"wp-block-paragraph\">Con este nombramiento, el PVEM reafirma su compromiso de trabajar de la mano con la ciudadan\u00eda y las autoridades para construir un mejor futuro para Ixhuatlancill<\/p>\n","protected":false},"excerpt":{"rendered":"<p>Xalapa, Ver. (Reporte272).- El delegado Nacional con funciones de Secretario General del Comit\u00e9 Ejecutivo Estatal del Partido Verde Ecologista de M\u00e9xico en Veracruz, Edgar Herrera Lendechy entreg\u00f3 el nombramiento como Promotor de la Cuarta Transformaci\u00f3n a Fernando Ochoa Ochoa en Ixhuatlancillo. Durante la ceremonia de entrega, Herrera Lendechy dijo que las y los Coordinadores de [&hellip;]<\/p>\n","protected":false},"author":2,"featured_media":4347,"comment_status":"open","ping_status":"open","sticky":false,"template":"","format":"standard","meta":{"rop_custom_images_group":[],"rop_custom_messages_group":[],"rop_publish_now":"initial","rop_publish_now_accounts":{"facebook_2001103103558832_108675811699976":""},"rop_publish_now_history":[],"rop_publish_now_status":"pending","footnotes":""},"categories":[5],"tags":[],"class_list":["post-4346","post","type-post","status-publish","format-standard","has-post-thumbnail","hentry","category-local"],"_links":{"self":[{"href":"https:\/\/reporte272.com\/portal\/wp-json\/wp\/v2\/posts\/4346","targetHints":{"allow":["GET"]}}],"collection":[{"href":"https:\/\/reporte272.com\/portal\/wp-json\/wp\/v2\/posts"}],"about":[{"href":"https:\/\/reporte272.com\/portal\/wp-json\/wp\/v2\/types\/post"}],"author":[{"embeddable":true,"href":"https:\/\/reporte272.com\/portal\/wp-json\/wp\/v2\/users\/2"}],"replies":[{"embeddable":true,"href":"https:\/\/reporte272.com\/portal\/wp-json\/wp\/v2\/comments?post=4346"}],"version-history":[{"count":3,"href":"https:\/\/reporte272.com\/portal\/wp-json\/wp\/v2\/posts\/4346\/revisions"}],"predecessor-version":[{"id":4350,"href":"https:\/\/reporte272.com\/portal\/wp-json\/wp\/v2\/posts\/4346\/revisions\/4350"}],"wp:featuredmedia":[{"embeddable":true,"href":"https:\/\/reporte272.com\/portal\/wp-json\/wp\/v2\/media\/4347"}],"wp:attachment":[{"href":"https:\/\/reporte272.com\/portal\/wp-json\/wp\/v2\/media?parent=4346"}],"wp:term":[{"taxonomy":"category","embeddable":true,"href":"https:\/\/reporte272.com\/portal\/wp-json\/wp\/v2\/categories?post=4346"},{"taxonomy":"post_tag","embeddable":true,"href":"https:\/\/reporte272.com\/portal\/wp-json\/wp\/v2\/tags?post=4346"}],"curies":[{"name":"wp","href":"https:\/\/api.w.org\/{rel}","templated":true}]}}