{"id":4351,"date":"2025-03-19T07:17:12","date_gmt":"2025-03-19T07:17:12","guid":{"rendered":"https:\/\/reporte272.com\/portal\/?p=4351"},"modified":"2025-03-19T07:17:13","modified_gmt":"2025-03-19T07:17:13","slug":"maria-petra-alonso-vasquez-de-aquila-y-gabriela-tello-evaristo-de-maltrata-reciben-nombramientos-como-promotoras-de-la-4t","status":"publish","type":"post","link":"https:\/\/reporte272.com\/portal\/maria-petra-alonso-vasquez-de-aquila-y-gabriela-tello-evaristo-de-maltrata-reciben-nombramientos-como-promotoras-de-la-4t\/","title":{"rendered":"Mar\u00eda Petra Alonso V\u00e1squez de Aquila y Gabriela Tello Evaristo, de Maltrata, reciben nombramientos como promotoras de la 4T."},"content":{"rendered":"\n<p class=\"wp-block-paragraph\"><strong>Xalapa, Ver.  (Reporte272).-<\/strong> Este martes 18 de marzo del 2025, el Partido Verde Ecologista de M\u00e9xico (PVEM) entreg\u00f3 nombramientos a sus coordinadores de la defensa de la Transformaci\u00f3n de los municipios de Aquila y Maltrata.<\/p>\n\n\n\n<p class=\"wp-block-paragraph\">Durante la ceremonia de entrega, el delegado Nacional con funciones de Secretario General del Comit\u00e9 Ejecutivo Estatal del Partido Verde Ecologista de M\u00e9xico en Veracruz, Edgar Herrera Lendechy\u00a0dijo que las y los Coordinadores de la Defensa de la Transformaci\u00f3n Verde, as\u00ed como del Promotor de la Cuarta Transformaci\u00f3n en Veracruz, tienen el gran compromiso de continuar con la construcci\u00f3n de un extraordinario Veracruz.<\/p>\n\n\n\n<p class=\"wp-block-paragraph\">De tal manera que las virtuales candidatas del Verde Ecologista para la contienda de junio del presente a\u00f1o 2025: Mar\u00eda Petra Alonso V\u00e1squez en Aquila; y Gabriela Tello Evaristo en Maltrata.<\/p>\n","protected":false},"excerpt":{"rendered":"<p>Xalapa, Ver. (Reporte272).- Este martes 18 de marzo del 2025, el Partido Verde Ecologista de M\u00e9xico (PVEM) entreg\u00f3 nombramientos a sus coordinadores de la defensa de la Transformaci\u00f3n de los municipios de Aquila y Maltrata. Durante la ceremonia de entrega, el delegado Nacional con funciones de Secretario General del Comit\u00e9 Ejecutivo Estatal del Partido Verde [&hellip;]<\/p>\n","protected":false},"author":2,"featured_media":4352,"comment_status":"open","ping_status":"open","sticky":false,"template":"","format":"standard","meta":{"rop_custom_images_group":[],"rop_custom_messages_group":[],"rop_publish_now":"initial","rop_publish_now_accounts":{"facebook_2001103103558832_108675811699976":""},"rop_publish_now_history":[],"rop_publish_now_status":"pending","footnotes":""},"categories":[6],"tags":[],"class_list":["post-4351","post","type-post","status-publish","format-standard","has-post-thumbnail","hentry","category-estatal"],"_links":{"self":[{"href":"https:\/\/reporte272.com\/portal\/wp-json\/wp\/v2\/posts\/4351","targetHints":{"allow":["GET"]}}],"collection":[{"href":"https:\/\/reporte272.com\/portal\/wp-json\/wp\/v2\/posts"}],"about":[{"href":"https:\/\/reporte272.com\/portal\/wp-json\/wp\/v2\/types\/post"}],"author":[{"embeddable":true,"href":"https:\/\/reporte272.com\/portal\/wp-json\/wp\/v2\/users\/2"}],"replies":[{"embeddable":true,"href":"https:\/\/reporte272.com\/portal\/wp-json\/wp\/v2\/comments?post=4351"}],"version-history":[{"count":1,"href":"https:\/\/reporte272.com\/portal\/wp-json\/wp\/v2\/posts\/4351\/revisions"}],"predecessor-version":[{"id":4353,"href":"https:\/\/reporte272.com\/portal\/wp-json\/wp\/v2\/posts\/4351\/revisions\/4353"}],"wp:featuredmedia":[{"embeddable":true,"href":"https:\/\/reporte272.com\/portal\/wp-json\/wp\/v2\/media\/4352"}],"wp:attachment":[{"href":"https:\/\/reporte272.com\/portal\/wp-json\/wp\/v2\/media?parent=4351"}],"wp:term":[{"taxonomy":"category","embeddable":true,"href":"https:\/\/reporte272.com\/portal\/wp-json\/wp\/v2\/categories?post=4351"},{"taxonomy":"post_tag","embeddable":true,"href":"https:\/\/reporte272.com\/portal\/wp-json\/wp\/v2\/tags?post=4351"}],"curies":[{"name":"wp","href":"https:\/\/api.w.org\/{rel}","templated":true}]}}