{"id":4358,"date":"2025-03-20T03:59:34","date_gmt":"2025-03-20T03:59:34","guid":{"rendered":"https:\/\/reporte272.com\/portal\/?p=4358"},"modified":"2025-03-20T03:59:36","modified_gmt":"2025-03-20T03:59:36","slug":"combaten-al-dengue-zika-y-chikungunya-en-nogales-veracruz","status":"publish","type":"post","link":"https:\/\/reporte272.com\/portal\/combaten-al-dengue-zika-y-chikungunya-en-nogales-veracruz\/","title":{"rendered":"Combaten al Dengue, Zika y Chikungunya, en  Nogales, Veracruz"},"content":{"rendered":"\n<p class=\"wp-block-paragraph\"><strong>Nogales, Veracruz . &#8211;<\/strong> Autoridades Sanitarias y municipales, asistieron hoy a una reuni\u00f3n de trabajo, para coordinar esfuerzos en el combate a las enfermedades transmitidas por vector.<\/p>\n\n\n\n<p class=\"wp-block-paragraph\">En la sala de cabildo del palacio municipal, se efectu\u00f3 la mesa de trabajo a fin de implementar un nuevo enfoque para la fumigaci\u00f3n, prevenci\u00f3n y control de los mosquitos que transmiten enfermedades como son el Dengue, Zika y Chikungunya.<\/p>\n\n\n\n<p class=\"wp-block-paragraph\">Luis Adri\u00e1n Quintero M\u00e1rmol Zamudio, director del Centro de Salud de Nogales, Veracruz, subray\u00f3 que la principal preocupaci\u00f3n es la propagaci\u00f3n del Dengue, padecimiento que dej\u00f3 de ser estacional y actualmente permanece durante todo el a\u00f1o, pues mensualmente se presentan de 3 a 5 casos, increment\u00e1ndose el n\u00famero de ellos, durante los meses de junio, julio y agosto.<\/p>\n\n\n\n<p class=\"wp-block-paragraph\">Enfatiz\u00f3 la necesidad de implementar estrategias que favorezcan el autocuidado de la Salud, fomentando la participaci\u00f3n comunitaria y social para asegurar medidas preventivas y anticipatorias como la eliminaci\u00f3n de criaderos, posteriormente las de control, como lo es la fumigaci\u00f3n y la atenci\u00f3n m\u00e9dica oportuna ante la presencia de s\u00edntomas en la poblaci\u00f3n.<\/p>\n\n\n\n<p class=\"wp-block-paragraph\">Por su parte, Felipe P\u00e9rez Romero, director de Salud Municipal, puntualiz\u00f3 que tras la reuni\u00f3n de trabajo se acordaron las siguientes medidas:<\/p>\n\n\n\n<p class=\"wp-block-paragraph\">1.-Vinculaci\u00f3nn entre los integrantes del sector salud<\/p>\n\n\n\n<p class=\"wp-block-paragraph\">2.-Implementar actividades permanentes como lo es la difusi\u00f3n de materiales dise\u00f1ados para la poblaci\u00f3n, eliminaci\u00f3n masiva de criaderos y posterior fumigaci\u00f3n<\/p>\n\n\n\n<p class=\"wp-block-paragraph\">3.-Verificaci\u00f3n del uso apropiado de larvicidas<\/p>\n\n\n\n<p class=\"wp-block-paragraph\">4.- Verificaci\u00f3n ambiental sanitaria en \u00e1reas de riesgo: vulcanizadoras, talleres mec\u00e1nicos, florer\u00edas, panteones, corralones, mercados, comercios, chatarrer\u00edas, deshuesaderos y llanteras.<\/p>\n\n\n\n<p class=\"wp-block-paragraph\">5.- Movilizaci\u00f3n social sobretodo en zonas de riesgo, en las que hist\u00f3ricamente se han presentado estos padecimientos, mediante las estrategias de patio limpio, cuidado del agua almacenada y eliminaci\u00f3n de criaderos.<\/p>\n\n\n\n<p class=\"wp-block-paragraph\">6.-Eliminaci\u00f3n de maleza en lotes bald\u00edos, evitar recipientes que almacenen agua en cementerios y vigilancia de tiraderos a cielo abierto.<\/p>\n\n\n\n<p class=\"wp-block-paragraph\">Autoridades sanitarias y municipales, destacaron tambi\u00e9n que el Dengue se transmite ahora por la picadura de 2 mosquitos: el Aedes Aegypti y Aedes Albopictus, el cual ya se encuentra en la zona.<\/p>\n\n\n\n<p class=\"wp-block-paragraph\">Anunciaron por otra parte, que el pr\u00f3ximo 24 de marzo en ocasi\u00f3n del d\u00eda mundial de la Tuberculosis, se promover\u00e1n campa\u00f1as de vacunaci\u00f3n, quedando pendiente la vacunaci\u00f3n antirr\u00e1bica canina y felina y con el apoyo de la direcci\u00f3n de comercio, se realizar\u00e1n pruebas cary-blair en establecimientos dedicados a la venta de comida, para evitar enfermedades gastrointestinales durante la \u00e9poca de calor.<\/p>\n","protected":false},"excerpt":{"rendered":"<p>Nogales, Veracruz . &#8211; Autoridades Sanitarias y municipales, asistieron hoy a una reuni\u00f3n de trabajo, para coordinar esfuerzos en el combate a las enfermedades transmitidas por vector. En la sala de cabildo del palacio municipal, se efectu\u00f3 la mesa de trabajo a fin de implementar un nuevo enfoque para la fumigaci\u00f3n, prevenci\u00f3n y control de [&hellip;]<\/p>\n","protected":false},"author":2,"featured_media":4359,"comment_status":"open","ping_status":"open","sticky":false,"template":"","format":"standard","meta":{"rop_custom_images_group":[],"rop_custom_messages_group":[],"rop_publish_now":"initial","rop_publish_now_accounts":{"facebook_2001103103558832_108675811699976":""},"rop_publish_now_history":[],"rop_publish_now_status":"pending","footnotes":""},"categories":[5],"tags":[],"class_list":["post-4358","post","type-post","status-publish","format-standard","has-post-thumbnail","hentry","category-local"],"_links":{"self":[{"href":"https:\/\/reporte272.com\/portal\/wp-json\/wp\/v2\/posts\/4358","targetHints":{"allow":["GET"]}}],"collection":[{"href":"https:\/\/reporte272.com\/portal\/wp-json\/wp\/v2\/posts"}],"about":[{"href":"https:\/\/reporte272.com\/portal\/wp-json\/wp\/v2\/types\/post"}],"author":[{"embeddable":true,"href":"https:\/\/reporte272.com\/portal\/wp-json\/wp\/v2\/users\/2"}],"replies":[{"embeddable":true,"href":"https:\/\/reporte272.com\/portal\/wp-json\/wp\/v2\/comments?post=4358"}],"version-history":[{"count":1,"href":"https:\/\/reporte272.com\/portal\/wp-json\/wp\/v2\/posts\/4358\/revisions"}],"predecessor-version":[{"id":4360,"href":"https:\/\/reporte272.com\/portal\/wp-json\/wp\/v2\/posts\/4358\/revisions\/4360"}],"wp:featuredmedia":[{"embeddable":true,"href":"https:\/\/reporte272.com\/portal\/wp-json\/wp\/v2\/media\/4359"}],"wp:attachment":[{"href":"https:\/\/reporte272.com\/portal\/wp-json\/wp\/v2\/media?parent=4358"}],"wp:term":[{"taxonomy":"category","embeddable":true,"href":"https:\/\/reporte272.com\/portal\/wp-json\/wp\/v2\/categories?post=4358"},{"taxonomy":"post_tag","embeddable":true,"href":"https:\/\/reporte272.com\/portal\/wp-json\/wp\/v2\/tags?post=4358"}],"curies":[{"name":"wp","href":"https:\/\/api.w.org\/{rel}","templated":true}]}}