{"id":4364,"date":"2025-03-20T04:37:45","date_gmt":"2025-03-20T04:37:45","guid":{"rendered":"https:\/\/reporte272.com\/portal\/?p=4364"},"modified":"2025-03-20T05:21:48","modified_gmt":"2025-03-20T05:21:48","slug":"se-registra-incendio-de-pastizales-en-las-minas","status":"publish","type":"post","link":"https:\/\/reporte272.com\/portal\/se-registra-incendio-de-pastizales-en-las-minas\/","title":{"rendered":"Se registra incendio de pastizales en las Minas"},"content":{"rendered":"\n<p class=\"wp-block-paragraph\">**Se puso en inminente riesgo se encontraban familias de complejos habitacionales<\/p>\n\n\n\n<p class=\"wp-block-paragraph\"><strong>R\u00edo Blanco, Ver. (Reporte272).<\/strong>&#8211; Un voraz incendio registrado en los terrenos de la Laguna Gal\u00e1n y el campo de Las Minas, puso en inminente peligro a habitantes de unidades habitacionales del municipio de R\u00edo Blanco, debido a que en el mismo se depositan grandes toneladas de basura.<\/p>\n\n\n\n<p class=\"wp-block-paragraph\">El fuego inici\u00f3 durante la tarde de este mi\u00e9rcoles al lugar se trasladaron cuerpos de emergencias y rescate de los municipios de Camerino Z. Mendoza, Nogales, R\u00edo Blanco y Orizaba as\u00ed como de la empresa Grisa para intentar controlar el incendio que se registr\u00f3 en los terrenos del ex presidente municipal Miguel Mart\u00ednez.<\/p>\n\n\n\n<p class=\"wp-block-paragraph\">El incendio que se extendi\u00f3 r\u00e1pidamente debido a las altas temperaturas y el viento, pusieron en riesgo a las familias que habitan en las Unidades de San Buena Ventura, Villas de R\u00edo Blanco y Villas de Tenango<\/p>\n\n\n\n<p class=\"wp-block-paragraph\">Pese a que las autoridades pidieron a la poblaci\u00f3n evacuar sus domicilios, muchos de ellos se sumaron a las tareas de combate frontal para controlar y sofocar en su totalidad el incendio.<\/p>\n\n\n\n<p class=\"wp-block-paragraph\"><strong>A 19 de marzo de 2025, s\u00edguenos en Facebook Reporte272<\/strong><\/p>\n\n\n\n<p class=\"wp-block-paragraph\"><\/p>\n","protected":false},"excerpt":{"rendered":"<p>**Se puso en inminente riesgo se encontraban familias de complejos habitacionales R\u00edo Blanco, Ver. (Reporte272).&#8211; Un voraz incendio registrado en los terrenos de la Laguna Gal\u00e1n y el campo de Las Minas, puso en inminente peligro a habitantes de unidades habitacionales del municipio de R\u00edo Blanco, debido a que en el mismo se depositan grandes [&hellip;]<\/p>\n","protected":false},"author":2,"featured_media":4372,"comment_status":"open","ping_status":"open","sticky":false,"template":"","format":"standard","meta":{"rop_custom_images_group":[],"rop_custom_messages_group":[],"rop_publish_now":"initial","rop_publish_now_accounts":{"facebook_2001103103558832_108675811699976":""},"rop_publish_now_history":[],"rop_publish_now_status":"pending","footnotes":""},"categories":[5,10],"tags":[],"class_list":["post-4364","post","type-post","status-publish","format-standard","has-post-thumbnail","hentry","category-local","category-portada"],"_links":{"self":[{"href":"https:\/\/reporte272.com\/portal\/wp-json\/wp\/v2\/posts\/4364","targetHints":{"allow":["GET"]}}],"collection":[{"href":"https:\/\/reporte272.com\/portal\/wp-json\/wp\/v2\/posts"}],"about":[{"href":"https:\/\/reporte272.com\/portal\/wp-json\/wp\/v2\/types\/post"}],"author":[{"embeddable":true,"href":"https:\/\/reporte272.com\/portal\/wp-json\/wp\/v2\/users\/2"}],"replies":[{"embeddable":true,"href":"https:\/\/reporte272.com\/portal\/wp-json\/wp\/v2\/comments?post=4364"}],"version-history":[{"count":1,"href":"https:\/\/reporte272.com\/portal\/wp-json\/wp\/v2\/posts\/4364\/revisions"}],"predecessor-version":[{"id":4365,"href":"https:\/\/reporte272.com\/portal\/wp-json\/wp\/v2\/posts\/4364\/revisions\/4365"}],"wp:featuredmedia":[{"embeddable":true,"href":"https:\/\/reporte272.com\/portal\/wp-json\/wp\/v2\/media\/4372"}],"wp:attachment":[{"href":"https:\/\/reporte272.com\/portal\/wp-json\/wp\/v2\/media?parent=4364"}],"wp:term":[{"taxonomy":"category","embeddable":true,"href":"https:\/\/reporte272.com\/portal\/wp-json\/wp\/v2\/categories?post=4364"},{"taxonomy":"post_tag","embeddable":true,"href":"https:\/\/reporte272.com\/portal\/wp-json\/wp\/v2\/tags?post=4364"}],"curies":[{"name":"wp","href":"https:\/\/api.w.org\/{rel}","templated":true}]}}