{"id":4369,"date":"2025-03-20T05:01:31","date_gmt":"2025-03-20T05:01:31","guid":{"rendered":"https:\/\/reporte272.com\/portal\/?p=4369"},"modified":"2025-03-20T05:01:32","modified_gmt":"2025-03-20T05:01:32","slug":"pri-solicita-destitucion-de-fernandez-norona-como-presidente-del-senado","status":"publish","type":"post","link":"https:\/\/reporte272.com\/portal\/pri-solicita-destitucion-de-fernandez-norona-como-presidente-del-senado\/","title":{"rendered":"PRI solicita destituci\u00f3n de Fern\u00e1ndez Noro\u00f1a como presidente del Senado"},"content":{"rendered":"\n<p class=\"wp-block-paragraph\">El dirigente nacional y senador del PRI, Alejandro Moreno, dijo que con fundamento en la Ley Org\u00e1nica del Congreso General de los Estados Unidos presentaron una moci\u00f3n para pedir la destituci\u00f3n como presidente del Senado de la Rep\u00fablica al senador Gerardo Fern\u00e1ndez Noro\u00f1a.<\/p>\n\n\n\n<p class=\"wp-block-paragraph\">&#8220;Hemos presentado una moci\u00f3n para pedir la destituci\u00f3n de Gerardo Fern\u00e1ndez Noro\u00f1a como Presidente del Senado. Sus declaraciones irresponsables y burlonas hacia las v\u00edctimas y los colectivos de madres buscadoras son una verg\u00fcenza. Su actuar no nos representa y denigra al Senado Mexicano&#8221;.<\/p>\n","protected":false},"excerpt":{"rendered":"<p>El dirigente nacional y senador del PRI, Alejandro Moreno, dijo que con fundamento en la Ley Org\u00e1nica del Congreso General de los Estados Unidos presentaron una moci\u00f3n para pedir la destituci\u00f3n como presidente del Senado de la Rep\u00fablica al senador Gerardo Fern\u00e1ndez Noro\u00f1a. &#8220;Hemos presentado una moci\u00f3n para pedir la destituci\u00f3n de Gerardo Fern\u00e1ndez Noro\u00f1a [&hellip;]<\/p>\n","protected":false},"author":2,"featured_media":4370,"comment_status":"open","ping_status":"open","sticky":false,"template":"","format":"standard","meta":{"rop_custom_images_group":[],"rop_custom_messages_group":[],"rop_publish_now":"initial","rop_publish_now_accounts":{"facebook_2001103103558832_108675811699976":""},"rop_publish_now_history":[],"rop_publish_now_status":"pending","footnotes":""},"categories":[7],"tags":[],"class_list":["post-4369","post","type-post","status-publish","format-standard","has-post-thumbnail","hentry","category-nacional"],"_links":{"self":[{"href":"https:\/\/reporte272.com\/portal\/wp-json\/wp\/v2\/posts\/4369","targetHints":{"allow":["GET"]}}],"collection":[{"href":"https:\/\/reporte272.com\/portal\/wp-json\/wp\/v2\/posts"}],"about":[{"href":"https:\/\/reporte272.com\/portal\/wp-json\/wp\/v2\/types\/post"}],"author":[{"embeddable":true,"href":"https:\/\/reporte272.com\/portal\/wp-json\/wp\/v2\/users\/2"}],"replies":[{"embeddable":true,"href":"https:\/\/reporte272.com\/portal\/wp-json\/wp\/v2\/comments?post=4369"}],"version-history":[{"count":1,"href":"https:\/\/reporte272.com\/portal\/wp-json\/wp\/v2\/posts\/4369\/revisions"}],"predecessor-version":[{"id":4371,"href":"https:\/\/reporte272.com\/portal\/wp-json\/wp\/v2\/posts\/4369\/revisions\/4371"}],"wp:featuredmedia":[{"embeddable":true,"href":"https:\/\/reporte272.com\/portal\/wp-json\/wp\/v2\/media\/4370"}],"wp:attachment":[{"href":"https:\/\/reporte272.com\/portal\/wp-json\/wp\/v2\/media?parent=4369"}],"wp:term":[{"taxonomy":"category","embeddable":true,"href":"https:\/\/reporte272.com\/portal\/wp-json\/wp\/v2\/categories?post=4369"},{"taxonomy":"post_tag","embeddable":true,"href":"https:\/\/reporte272.com\/portal\/wp-json\/wp\/v2\/tags?post=4369"}],"curies":[{"name":"wp","href":"https:\/\/api.w.org\/{rel}","templated":true}]}}