{"id":4386,"date":"2025-03-22T01:32:34","date_gmt":"2025-03-22T01:32:34","guid":{"rendered":"https:\/\/reporte272.com\/portal\/?p=4386"},"modified":"2025-03-22T01:32:35","modified_gmt":"2025-03-22T01:32:35","slug":"integran-alianza-veracruzana-de-mujeres-lideres","status":"publish","type":"post","link":"https:\/\/reporte272.com\/portal\/integran-alianza-veracruzana-de-mujeres-lideres\/","title":{"rendered":"Integran Alianza Veracruzana de Mujeres L\u00edderes"},"content":{"rendered":"\n<p class=\"wp-block-paragraph\"><strong>Orizaba, Ver. (Reporte272).- <\/strong>Con la finalidad de empoderar a m\u00e1s mujeres de la zona de las Altas Monta\u00f1as y compartir experiencias que les permitan salir adelante se integr\u00f3 la Alianza Veracruzana de Mujeres L\u00edderes y emprendedoras.<\/p>\n\n\n\n<p class=\"wp-block-paragraph\">&#8220;Nuestro objeto social es crear un espacio de colaboraci\u00f3n capacitaci\u00f3n y apoyo mutuo donde cada una tenga las herramientas y oportunidades necesarias para hacer crecer sus proyectos fortalecer su visi\u00f3n y alcanzar su m\u00e1ximo potencial&#8221;, cit\u00f3 la representante de dicha asociaci\u00f3n, Atenea Merino Chicatto.<\/p>\n\n\n\n<p class=\"wp-block-paragraph\">La agrupaci\u00f3n nace con la firme convicci\u00f3n de que cuando una mujer avanza toda una comunidad progresa, &#8220;somos un colectivo que cree en la sororidad como base del \u00e9xito en la capacitaci\u00f3n como motor del crecimiento y en el empoderamiento como clave para transformar realidades&#8221;.<\/p>\n\n\n\n<p class=\"wp-block-paragraph\">El objetivo es no solo fortalecer sus negocios y proyectos sino tambi\u00e9n generar un impacto positivo en la sociedad construyendo redes de apoyo y c\u00edrculos de lealtad que trasciendan de generaci\u00f3n en generaci\u00f3n.<\/p>\n","protected":false},"excerpt":{"rendered":"<p>Orizaba, Ver. (Reporte272).- Con la finalidad de empoderar a m\u00e1s mujeres de la zona de las Altas Monta\u00f1as y compartir experiencias que les permitan salir adelante se integr\u00f3 la Alianza Veracruzana de Mujeres L\u00edderes y emprendedoras. &#8220;Nuestro objeto social es crear un espacio de colaboraci\u00f3n capacitaci\u00f3n y apoyo mutuo donde cada una tenga las herramientas [&hellip;]<\/p>\n","protected":false},"author":2,"featured_media":4387,"comment_status":"open","ping_status":"open","sticky":false,"template":"","format":"standard","meta":{"rop_custom_images_group":[],"rop_custom_messages_group":[],"rop_publish_now":"initial","rop_publish_now_accounts":{"facebook_2001103103558832_108675811699976":""},"rop_publish_now_history":[],"rop_publish_now_status":"pending","footnotes":""},"categories":[5],"tags":[],"class_list":["post-4386","post","type-post","status-publish","format-standard","has-post-thumbnail","hentry","category-local"],"_links":{"self":[{"href":"https:\/\/reporte272.com\/portal\/wp-json\/wp\/v2\/posts\/4386","targetHints":{"allow":["GET"]}}],"collection":[{"href":"https:\/\/reporte272.com\/portal\/wp-json\/wp\/v2\/posts"}],"about":[{"href":"https:\/\/reporte272.com\/portal\/wp-json\/wp\/v2\/types\/post"}],"author":[{"embeddable":true,"href":"https:\/\/reporte272.com\/portal\/wp-json\/wp\/v2\/users\/2"}],"replies":[{"embeddable":true,"href":"https:\/\/reporte272.com\/portal\/wp-json\/wp\/v2\/comments?post=4386"}],"version-history":[{"count":1,"href":"https:\/\/reporte272.com\/portal\/wp-json\/wp\/v2\/posts\/4386\/revisions"}],"predecessor-version":[{"id":4388,"href":"https:\/\/reporte272.com\/portal\/wp-json\/wp\/v2\/posts\/4386\/revisions\/4388"}],"wp:featuredmedia":[{"embeddable":true,"href":"https:\/\/reporte272.com\/portal\/wp-json\/wp\/v2\/media\/4387"}],"wp:attachment":[{"href":"https:\/\/reporte272.com\/portal\/wp-json\/wp\/v2\/media?parent=4386"}],"wp:term":[{"taxonomy":"category","embeddable":true,"href":"https:\/\/reporte272.com\/portal\/wp-json\/wp\/v2\/categories?post=4386"},{"taxonomy":"post_tag","embeddable":true,"href":"https:\/\/reporte272.com\/portal\/wp-json\/wp\/v2\/tags?post=4386"}],"curies":[{"name":"wp","href":"https:\/\/api.w.org\/{rel}","templated":true}]}}