{"id":4390,"date":"2025-03-22T06:44:41","date_gmt":"2025-03-22T06:44:41","guid":{"rendered":"https:\/\/reporte272.com\/portal\/?p=4390"},"modified":"2025-03-22T06:44:42","modified_gmt":"2025-03-22T06:44:42","slug":"movimiento-democratico-magisterial-veracruzano-unido-para-derogar-la-ley-del-issste-2007","status":"publish","type":"post","link":"https:\/\/reporte272.com\/portal\/movimiento-democratico-magisterial-veracruzano-unido-para-derogar-la-ley-del-issste-2007\/","title":{"rendered":"Movimiento Democr\u00e1tico Magisterial Veracruzano unido para derogar la Ley del ISSSTE 2007"},"content":{"rendered":"\n<p class=\"wp-block-paragraph\">**No solo afecta al magisterio sino a los trabajadores del gobierno federal<\/p>\n\n\n\n<p class=\"wp-block-paragraph\"><strong>Orizaba, Ver. (Reporte272 \/ Alfonso Yonca Glez). <\/strong>Docentes integrantes del Movimiento Democr\u00e1tico Magisterial Veracruzano realizaron este viernes una protesta en el parque Apolinar Castillo esto en marco del paro nacional de 72 horas convocado por la CNTE para exigir la derogaci\u00f3n de la Ley del ISSSTE de 2007.<\/p>\n\n\n\n<p class=\"wp-block-paragraph\">\u201cLa exigencia es eliminar la reforma de la Ley del ISSSTE de 2007, para crear una nueva ingenier\u00eda administrativa que considere la propuesta del Magisterio. No queremos parches, ni reformita sobre la reforma dado que no es lo que est\u00e1 planteando la CNTE. La Coordinara plantea derogar la 2007 y crear una nueva para una jubilaci\u00f3n digna\u201d.<br>Las movilizaciones se continuar\u00e1n dando desde Chihuahua hasta Chiapas, de ah\u00ed que llevamos un mitin pol\u00edtico pidiendo se sumen todos los afectados porque no solo es el magisterio el sector afectado sino tambi\u00e9n los m\u00e9dicos, las enfermeras, los trabajadores del gobierno, La Guardia Nacional porque no solo es exigencia solo de un sector\u201d.<br>A\u00f1adieron que no aceptan considerar que el apoyo que se da a los adultos como complemento, sino que tiene que ser parte de los derechos laborales despu\u00e9s de haber trabajado m\u00e1s de 30 a\u00f1os de servicio.<br>\u201cLa presidenta Claudia Sheinbaum dijo que se establecer\u00eda un mecanismo en el que se complemente con la compensaci\u00f3n que les est\u00e1n dando a los adultos mayores como parte de esa jubilaci\u00f3n, con esto quieren hacernos creer o sentir que eso es como si fuera nuestra jubilaci\u00f3n sin embargo las cosas no son as\u00ed, no quiere decir que estemos en contra del apoyo que se le da a los adultos mayores pues creen que su exigencia no puede ser un complemento sino que tiene que ser parte de los derechos laborales despu\u00e9s de haber trabajado m\u00e1s de 30 a\u00f1os de servicio\u201d.<\/p>\n","protected":false},"excerpt":{"rendered":"<p>**No solo afecta al magisterio sino a los trabajadores del gobierno federal Orizaba, Ver. (Reporte272 \/ Alfonso Yonca Glez). Docentes integrantes del Movimiento Democr\u00e1tico Magisterial Veracruzano realizaron este viernes una protesta en el parque Apolinar Castillo esto en marco del paro nacional de 72 horas convocado por la CNTE para exigir la derogaci\u00f3n de la [&hellip;]<\/p>\n","protected":false},"author":2,"featured_media":4391,"comment_status":"open","ping_status":"open","sticky":false,"template":"","format":"standard","meta":{"rop_custom_images_group":[],"rop_custom_messages_group":[],"rop_publish_now":"initial","rop_publish_now_accounts":{"facebook_2001103103558832_108675811699976":""},"rop_publish_now_history":[],"rop_publish_now_status":"pending","footnotes":""},"categories":[6,5,7,10],"tags":[],"class_list":["post-4390","post","type-post","status-publish","format-standard","has-post-thumbnail","hentry","category-estatal","category-local","category-nacional","category-portada"],"_links":{"self":[{"href":"https:\/\/reporte272.com\/portal\/wp-json\/wp\/v2\/posts\/4390","targetHints":{"allow":["GET"]}}],"collection":[{"href":"https:\/\/reporte272.com\/portal\/wp-json\/wp\/v2\/posts"}],"about":[{"href":"https:\/\/reporte272.com\/portal\/wp-json\/wp\/v2\/types\/post"}],"author":[{"embeddable":true,"href":"https:\/\/reporte272.com\/portal\/wp-json\/wp\/v2\/users\/2"}],"replies":[{"embeddable":true,"href":"https:\/\/reporte272.com\/portal\/wp-json\/wp\/v2\/comments?post=4390"}],"version-history":[{"count":1,"href":"https:\/\/reporte272.com\/portal\/wp-json\/wp\/v2\/posts\/4390\/revisions"}],"predecessor-version":[{"id":4392,"href":"https:\/\/reporte272.com\/portal\/wp-json\/wp\/v2\/posts\/4390\/revisions\/4392"}],"wp:featuredmedia":[{"embeddable":true,"href":"https:\/\/reporte272.com\/portal\/wp-json\/wp\/v2\/media\/4391"}],"wp:attachment":[{"href":"https:\/\/reporte272.com\/portal\/wp-json\/wp\/v2\/media?parent=4390"}],"wp:term":[{"taxonomy":"category","embeddable":true,"href":"https:\/\/reporte272.com\/portal\/wp-json\/wp\/v2\/categories?post=4390"},{"taxonomy":"post_tag","embeddable":true,"href":"https:\/\/reporte272.com\/portal\/wp-json\/wp\/v2\/tags?post=4390"}],"curies":[{"name":"wp","href":"https:\/\/api.w.org\/{rel}","templated":true}]}}