{"id":4399,"date":"2025-03-24T14:47:26","date_gmt":"2025-03-24T14:47:26","guid":{"rendered":"https:\/\/reporte272.com\/portal\/?p=4399"},"modified":"2025-03-24T14:47:27","modified_gmt":"2025-03-24T14:47:27","slug":"muer3-ciclista-al-caer-a-un-canal-de-aguas-pluviales","status":"publish","type":"post","link":"https:\/\/reporte272.com\/portal\/muer3-ciclista-al-caer-a-un-canal-de-aguas-pluviales\/","title":{"rendered":"Muer3 ciclista al caer a un canal de aguas pluviales"},"content":{"rendered":"\n<p class=\"wp-block-paragraph\"><strong>R\u00edo Blanco, Ver. (Reporte272 \/ JM Yonca).- <\/strong> De manera tr\u00e1gica un j\u00f3ven ciclista p3rdi\u00f3 la vid4 al caer a un canal de aguas pluviales, no cuenta con protecci\u00f3n a los laterales, est\u00e1 en calidad de desconocido.<\/p>\n\n\n\n<p class=\"wp-block-paragraph\">Un j\u00f3ven conduc\u00eda una bicicleta tipo monta\u00f1a de color blanco con tijeras en color negro, al tratar de cruzar un puente de metal sin protecci\u00f3n a los laterales sobre la calle An\u00e1huac de la colonia Agraria, perdi\u00f3 el equilibrio y cay\u00f3 sobre el pavimento.<\/p>\n\n\n\n<p class=\"wp-block-paragraph\">Por el impacto sufri\u00f3 traumatismo craneal que le provoc\u00f3 la muert3 , vecinos solicitaron la presencia de los t\u00e9cnicos en primeros auxilios, llegaron para confirmar el d3ceso de la persona de sexo masculino, vest\u00eda pantal\u00f3n de mezclilla azul, playera de color negro y zapatos de color caf\u00e9.<\/p>\n\n\n\n<p class=\"wp-block-paragraph\">La zona fue acordonada por los elementos de la Secretar\u00eda de Seguridad P\u00fablica (SSP) adscritos al municipio de R\u00edo Blanco, fue necesaria la presencia del personal de la Fiscal\u00eda Regional as\u00ed como del departamento de Servicios Periciales, llevaron a cabo las diligencias correspondientes.<\/p>\n\n\n\n<p class=\"wp-block-paragraph\">Las autoridades judiciales ordenaron el levantamiento del cu3rpo, fue trasladado a las instalaciones del SEMEFO de Orizaba, se espera que en las horas pr\u00f3ximas pueda ser identificado y reclamado por un familiar.<\/p>\n","protected":false},"excerpt":{"rendered":"<p>R\u00edo Blanco, Ver. (Reporte272 \/ JM Yonca).- De manera tr\u00e1gica un j\u00f3ven ciclista p3rdi\u00f3 la vid4 al caer a un canal de aguas pluviales, no cuenta con protecci\u00f3n a los laterales, est\u00e1 en calidad de desconocido. Un j\u00f3ven conduc\u00eda una bicicleta tipo monta\u00f1a de color blanco con tijeras en color negro, al tratar de cruzar [&hellip;]<\/p>\n","protected":false},"author":2,"featured_media":4400,"comment_status":"open","ping_status":"open","sticky":false,"template":"","format":"standard","meta":{"rop_custom_images_group":[],"rop_custom_messages_group":[],"rop_publish_now":"initial","rop_publish_now_accounts":{"facebook_2001103103558832_108675811699976":""},"rop_publish_now_history":[],"rop_publish_now_status":"pending","footnotes":""},"categories":[9],"tags":[],"class_list":["post-4399","post","type-post","status-publish","format-standard","has-post-thumbnail","hentry","category-policiaca"],"_links":{"self":[{"href":"https:\/\/reporte272.com\/portal\/wp-json\/wp\/v2\/posts\/4399","targetHints":{"allow":["GET"]}}],"collection":[{"href":"https:\/\/reporte272.com\/portal\/wp-json\/wp\/v2\/posts"}],"about":[{"href":"https:\/\/reporte272.com\/portal\/wp-json\/wp\/v2\/types\/post"}],"author":[{"embeddable":true,"href":"https:\/\/reporte272.com\/portal\/wp-json\/wp\/v2\/users\/2"}],"replies":[{"embeddable":true,"href":"https:\/\/reporte272.com\/portal\/wp-json\/wp\/v2\/comments?post=4399"}],"version-history":[{"count":1,"href":"https:\/\/reporte272.com\/portal\/wp-json\/wp\/v2\/posts\/4399\/revisions"}],"predecessor-version":[{"id":4401,"href":"https:\/\/reporte272.com\/portal\/wp-json\/wp\/v2\/posts\/4399\/revisions\/4401"}],"wp:featuredmedia":[{"embeddable":true,"href":"https:\/\/reporte272.com\/portal\/wp-json\/wp\/v2\/media\/4400"}],"wp:attachment":[{"href":"https:\/\/reporte272.com\/portal\/wp-json\/wp\/v2\/media?parent=4399"}],"wp:term":[{"taxonomy":"category","embeddable":true,"href":"https:\/\/reporte272.com\/portal\/wp-json\/wp\/v2\/categories?post=4399"},{"taxonomy":"post_tag","embeddable":true,"href":"https:\/\/reporte272.com\/portal\/wp-json\/wp\/v2\/tags?post=4399"}],"curies":[{"name":"wp","href":"https:\/\/api.w.org\/{rel}","templated":true}]}}