{"id":4406,"date":"2025-03-24T17:13:45","date_gmt":"2025-03-24T17:13:45","guid":{"rendered":"https:\/\/reporte272.com\/portal\/?p=4406"},"modified":"2025-03-24T17:13:46","modified_gmt":"2025-03-24T17:13:46","slug":"joven-se-qu1to-la-vid4","status":"publish","type":"post","link":"https:\/\/reporte272.com\/portal\/joven-se-qu1to-la-vid4\/","title":{"rendered":"J\u00f3ven se qu1t\u00f3 la vid4"},"content":{"rendered":"\n<p class=\"wp-block-paragraph\"><strong>Mariano Escobedo, Ver. (Reporte272).- <\/strong>Un j\u00f3ven decidi\u00f3 4cab4r con su vid4 al interior de su vivienda, no dejo recado o carta p\u00f3stuma, se ignora el porque de su decisi\u00f3n f4tal.<\/p>\n\n\n\n<p class=\"wp-block-paragraph\">Familiares de Jorge N de 18 a\u00f1os de edad, solicitaron telef\u00f3nicamente la presencia de los t\u00e9cnicos en primeros auxilios de Protecci\u00f3n Civil Municipal, debido que el j\u00f3ven p3nd\u00eda de una sog4 que at\u00f3 en el Interior del domicilio ubicado sobre calle Miguel \u00c1ngel Salgado, de la colonia 21 de Octubre de este municipio.<\/p>\n\n\n\n<p class=\"wp-block-paragraph\">La presencia del personal de PC Municipal fue para corroborar la mu3rte de Jorge N, fue necesaria la presencia de las autoridades de la Fiscal\u00eda Regional tambi\u00e9n del departamento de Servicios Periciales, llevaron a cabo las diligencias correspondientes.<\/p>\n\n\n\n<p class=\"wp-block-paragraph\">La misma representante social orden\u00f3 que el cu3rpo fuera trasladado a las instalaciones del Servicio Medico Forense de Orizaba, ser\u00e1 el m\u00e9dico legista qui\u00e9n practicar\u00e1 la necrocirugia de ley.<\/p>\n\n\n\n<p class=\"wp-block-paragraph\">Cabe destacar que en menos de 12 horas dos j\u00f3venes 4cab4ron con vid4 en las mismas circunstancias, uno del municipio de Orizaba el segundo de Mariano Escobedo, ambos no dejaron recado o carta p\u00f3stuma .<\/p>\n","protected":false},"excerpt":{"rendered":"<p>Mariano Escobedo, Ver. (Reporte272).- Un j\u00f3ven decidi\u00f3 4cab4r con su vid4 al interior de su vivienda, no dejo recado o carta p\u00f3stuma, se ignora el porque de su decisi\u00f3n f4tal. Familiares de Jorge N de 18 a\u00f1os de edad, solicitaron telef\u00f3nicamente la presencia de los t\u00e9cnicos en primeros auxilios de Protecci\u00f3n Civil Municipal, debido que [&hellip;]<\/p>\n","protected":false},"author":2,"featured_media":4407,"comment_status":"open","ping_status":"open","sticky":false,"template":"","format":"standard","meta":{"rop_custom_images_group":[],"rop_custom_messages_group":[],"rop_publish_now":"initial","rop_publish_now_accounts":{"facebook_2001103103558832_108675811699976":""},"rop_publish_now_history":[],"rop_publish_now_status":"pending","footnotes":""},"categories":[9],"tags":[],"class_list":["post-4406","post","type-post","status-publish","format-standard","has-post-thumbnail","hentry","category-policiaca"],"_links":{"self":[{"href":"https:\/\/reporte272.com\/portal\/wp-json\/wp\/v2\/posts\/4406","targetHints":{"allow":["GET"]}}],"collection":[{"href":"https:\/\/reporte272.com\/portal\/wp-json\/wp\/v2\/posts"}],"about":[{"href":"https:\/\/reporte272.com\/portal\/wp-json\/wp\/v2\/types\/post"}],"author":[{"embeddable":true,"href":"https:\/\/reporte272.com\/portal\/wp-json\/wp\/v2\/users\/2"}],"replies":[{"embeddable":true,"href":"https:\/\/reporte272.com\/portal\/wp-json\/wp\/v2\/comments?post=4406"}],"version-history":[{"count":1,"href":"https:\/\/reporte272.com\/portal\/wp-json\/wp\/v2\/posts\/4406\/revisions"}],"predecessor-version":[{"id":4408,"href":"https:\/\/reporte272.com\/portal\/wp-json\/wp\/v2\/posts\/4406\/revisions\/4408"}],"wp:featuredmedia":[{"embeddable":true,"href":"https:\/\/reporte272.com\/portal\/wp-json\/wp\/v2\/media\/4407"}],"wp:attachment":[{"href":"https:\/\/reporte272.com\/portal\/wp-json\/wp\/v2\/media?parent=4406"}],"wp:term":[{"taxonomy":"category","embeddable":true,"href":"https:\/\/reporte272.com\/portal\/wp-json\/wp\/v2\/categories?post=4406"},{"taxonomy":"post_tag","embeddable":true,"href":"https:\/\/reporte272.com\/portal\/wp-json\/wp\/v2\/tags?post=4406"}],"curies":[{"name":"wp","href":"https:\/\/api.w.org\/{rel}","templated":true}]}}