{"id":4415,"date":"2025-03-25T04:01:45","date_gmt":"2025-03-25T04:01:45","guid":{"rendered":"https:\/\/reporte272.com\/portal\/?p=4415"},"modified":"2025-03-25T04:01:46","modified_gmt":"2025-03-25T04:01:46","slug":"desmienten-presunta-intimidacion-a-voluntarios-de-cruz-roja-en-ciudad-mendoza","status":"publish","type":"post","link":"https:\/\/reporte272.com\/portal\/desmienten-presunta-intimidacion-a-voluntarios-de-cruz-roja-en-ciudad-mendoza\/","title":{"rendered":"Desmienten presunta intimidaci\u00f3n a voluntarios de Cruz Roja, en Ciudad Mendoza"},"content":{"rendered":"\n<p class=\"wp-block-paragraph\"><strong>Camerino Z. Mendoza, Ver. \u2013<\/strong> En torno a la petici\u00f3n de la Coordinadora local de la Cruz Roja y una desinformaci\u00f3n que se public\u00f3 en algunos medios de comunicaci\u00f3n, se aclara que la \u201cFeria de Captaci\u00f3n de Voluntarios\u201d la realizaron sin ning\u00fan contratiempo, incluso estacionaron una ambulancia en sentido contrario sobre la avenida Hidalgo y jam\u00e1s se les molest\u00f3, dijo el vocero de Vialidad municipal.<\/p>\n\n\n\n<p class=\"wp-block-paragraph\">Explic\u00f3 que el pasado domingo acudieron al lugar, donde instalaron su punto de captaci\u00f3n de voluntarios, pero no se les molesto ni menos se les intimid\u00f3, a pesar de que no ten\u00edan permiso para cerrar la vialidad de la avenida Hidalgo, toda vez que la autorizaci\u00f3n fue para que lo hicieran enfrente a las instalaciones de la Cruz Roja conocido como Los Filtros\u201d, en avenida \u201cGuillermo Prieto\u201d, entre Melchor Ocampo y 8 de marzo-.<\/p>\n\n\n\n<p class=\"wp-block-paragraph\">\u201cDesconozco la finalidad de publicar hechos que realmente no ocurrieron, como lo mencionan en estos medios informativos, provocando desinformaci\u00f3n preocupante para la credibilidad de estos medios, porque con estas acciones manipulan la opini\u00f3n p\u00fablica y afectan el trabajo que se realiza en este municipio en beneficio de los mendocinos\u201d, afirm\u00f3.<\/p>\n","protected":false},"excerpt":{"rendered":"<p>Camerino Z. Mendoza, Ver. \u2013 En torno a la petici\u00f3n de la Coordinadora local de la Cruz Roja y una desinformaci\u00f3n que se public\u00f3 en algunos medios de comunicaci\u00f3n, se aclara que la \u201cFeria de Captaci\u00f3n de Voluntarios\u201d la realizaron sin ning\u00fan contratiempo, incluso estacionaron una ambulancia en sentido contrario sobre la avenida Hidalgo y [&hellip;]<\/p>\n","protected":false},"author":2,"featured_media":4416,"comment_status":"open","ping_status":"open","sticky":false,"template":"","format":"standard","meta":{"rop_custom_images_group":[],"rop_custom_messages_group":[],"rop_publish_now":"initial","rop_publish_now_accounts":{"facebook_2001103103558832_108675811699976":""},"rop_publish_now_history":[],"rop_publish_now_status":"pending","footnotes":""},"categories":[5],"tags":[],"class_list":["post-4415","post","type-post","status-publish","format-standard","has-post-thumbnail","hentry","category-local"],"_links":{"self":[{"href":"https:\/\/reporte272.com\/portal\/wp-json\/wp\/v2\/posts\/4415","targetHints":{"allow":["GET"]}}],"collection":[{"href":"https:\/\/reporte272.com\/portal\/wp-json\/wp\/v2\/posts"}],"about":[{"href":"https:\/\/reporte272.com\/portal\/wp-json\/wp\/v2\/types\/post"}],"author":[{"embeddable":true,"href":"https:\/\/reporte272.com\/portal\/wp-json\/wp\/v2\/users\/2"}],"replies":[{"embeddable":true,"href":"https:\/\/reporte272.com\/portal\/wp-json\/wp\/v2\/comments?post=4415"}],"version-history":[{"count":1,"href":"https:\/\/reporte272.com\/portal\/wp-json\/wp\/v2\/posts\/4415\/revisions"}],"predecessor-version":[{"id":4417,"href":"https:\/\/reporte272.com\/portal\/wp-json\/wp\/v2\/posts\/4415\/revisions\/4417"}],"wp:featuredmedia":[{"embeddable":true,"href":"https:\/\/reporte272.com\/portal\/wp-json\/wp\/v2\/media\/4416"}],"wp:attachment":[{"href":"https:\/\/reporte272.com\/portal\/wp-json\/wp\/v2\/media?parent=4415"}],"wp:term":[{"taxonomy":"category","embeddable":true,"href":"https:\/\/reporte272.com\/portal\/wp-json\/wp\/v2\/categories?post=4415"},{"taxonomy":"post_tag","embeddable":true,"href":"https:\/\/reporte272.com\/portal\/wp-json\/wp\/v2\/tags?post=4415"}],"curies":[{"name":"wp","href":"https:\/\/api.w.org\/{rel}","templated":true}]}}