{"id":4419,"date":"2025-03-25T15:39:42","date_gmt":"2025-03-25T15:39:42","guid":{"rendered":"https:\/\/reporte272.com\/portal\/?p=4419"},"modified":"2025-03-25T15:39:43","modified_gmt":"2025-03-25T15:39:43","slug":"carambola-dejo-cuatro-lesionados-en-la-autopista-orizaba-cordoba","status":"publish","type":"post","link":"https:\/\/reporte272.com\/portal\/carambola-dejo-cuatro-lesionados-en-la-autopista-orizaba-cordoba\/","title":{"rendered":"Carambola dej\u00f3 cuatro lesionados en la Autopista Orizaba &#8211; C\u00f3rdoba"},"content":{"rendered":"\n<p class=\"wp-block-paragraph\"><strong>Orizaba, Ver. (Reporte272).-<\/strong> Un choque m\u00faltiple en la circulaci\u00f3n en la autopista Orizaba-C\u00f3rdoba, a la altura del kil\u00f3metro 281 con direcci\u00f3n a C\u00f3rdoba dej\u00f3 un saldo de cuatro personas lesionadas y da\u00f1os materiales millonarios.<br>En el accidente participaron tractocamiones y veh\u00edculos particulares, lo que gener\u00f3 un fuerte congestionamiento en la zona inclousive el cierre de la v\u00eda r\u00e1pida con direcci\u00f3n a Veracruz Puerto.<\/p>\n\n\n\n<p class=\"wp-block-paragraph\">Se conoci\u00f3 que el conductor del tractocami\u00f3n presuntamente responsable del accidente m\u00faltiple se dio a la fuga con rumbo desconocido<br>Hasta el lugar del accidente arribaron param\u00e9dicos de Capufe y PC Municipal, los cuales le brindaron las primeras atenciones a 3 personas qu\u00e9 resultaron lesionados, mismas que no requirieron ser trasladadas a un hospital.<br>Autoridades de la Guardia Nacional qui\u00e9nes solicitaron al personal de gr\u00faas realizar las maniobras correspondientes y efectuar el retiro de las unidades accidentadas para el deslinde de causalidades.<\/p>\n","protected":false},"excerpt":{"rendered":"<p>Orizaba, Ver. (Reporte272).- Un choque m\u00faltiple en la circulaci\u00f3n en la autopista Orizaba-C\u00f3rdoba, a la altura del kil\u00f3metro 281 con direcci\u00f3n a C\u00f3rdoba dej\u00f3 un saldo de cuatro personas lesionadas y da\u00f1os materiales millonarios.En el accidente participaron tractocamiones y veh\u00edculos particulares, lo que gener\u00f3 un fuerte congestionamiento en la zona inclousive el cierre de la [&hellip;]<\/p>\n","protected":false},"author":2,"featured_media":4420,"comment_status":"open","ping_status":"open","sticky":false,"template":"","format":"standard","meta":{"rop_custom_images_group":[],"rop_custom_messages_group":[],"rop_publish_now":"initial","rop_publish_now_accounts":{"facebook_2001103103558832_108675811699976":""},"rop_publish_now_history":[],"rop_publish_now_status":"pending","footnotes":""},"categories":[9],"tags":[],"class_list":["post-4419","post","type-post","status-publish","format-standard","has-post-thumbnail","hentry","category-policiaca"],"_links":{"self":[{"href":"https:\/\/reporte272.com\/portal\/wp-json\/wp\/v2\/posts\/4419","targetHints":{"allow":["GET"]}}],"collection":[{"href":"https:\/\/reporte272.com\/portal\/wp-json\/wp\/v2\/posts"}],"about":[{"href":"https:\/\/reporte272.com\/portal\/wp-json\/wp\/v2\/types\/post"}],"author":[{"embeddable":true,"href":"https:\/\/reporte272.com\/portal\/wp-json\/wp\/v2\/users\/2"}],"replies":[{"embeddable":true,"href":"https:\/\/reporte272.com\/portal\/wp-json\/wp\/v2\/comments?post=4419"}],"version-history":[{"count":1,"href":"https:\/\/reporte272.com\/portal\/wp-json\/wp\/v2\/posts\/4419\/revisions"}],"predecessor-version":[{"id":4421,"href":"https:\/\/reporte272.com\/portal\/wp-json\/wp\/v2\/posts\/4419\/revisions\/4421"}],"wp:featuredmedia":[{"embeddable":true,"href":"https:\/\/reporte272.com\/portal\/wp-json\/wp\/v2\/media\/4420"}],"wp:attachment":[{"href":"https:\/\/reporte272.com\/portal\/wp-json\/wp\/v2\/media?parent=4419"}],"wp:term":[{"taxonomy":"category","embeddable":true,"href":"https:\/\/reporte272.com\/portal\/wp-json\/wp\/v2\/categories?post=4419"},{"taxonomy":"post_tag","embeddable":true,"href":"https:\/\/reporte272.com\/portal\/wp-json\/wp\/v2\/tags?post=4419"}],"curies":[{"name":"wp","href":"https:\/\/api.w.org\/{rel}","templated":true}]}}