{"id":4422,"date":"2025-03-26T00:17:39","date_gmt":"2025-03-26T00:17:39","guid":{"rendered":"https:\/\/reporte272.com\/portal\/?p=4422"},"modified":"2025-03-26T00:17:41","modified_gmt":"2025-03-26T00:17:41","slug":"fuente-danzarina-y-area-de-ejercitadores-nuevos-en-alameda-de-ciudad-mendoza","status":"publish","type":"post","link":"https:\/\/reporte272.com\/portal\/fuente-danzarina-y-area-de-ejercitadores-nuevos-en-alameda-de-ciudad-mendoza\/","title":{"rendered":"Fuente danzarina y \u00e1rea de ejercitadores nuevos en Alameda de Ciudad Mendoza."},"content":{"rendered":"\n<p class=\"wp-block-paragraph\"><strong>Camerino Z. Mendoza, Ver.-<\/strong> Autoridades municipales inauguraron una fuente danzarina, un \u00e1rea de ejercitadores y nuevas luminarias en la Alameda \u201cBenito Ju\u00e1rez\u201d, mejorando este espacio p\u00fablico para el disfrute de los ciudadanos.<\/p>\n\n\n\n<p class=\"wp-block-paragraph\">El presidente municipal, C. H\u00e9ctor Rodr\u00edguez Cort\u00e9s, acompa\u00f1ado de la s\u00edndica, Lic. Mar\u00eda Isabel Morales Herrera; el regidor primero, C. Francisco Gorozpe Garc\u00eda; y la regidora tercera, Lic. Elda Quintero M\u00e1rmol D\u00edaz, presidieron la inauguraci\u00f3n de las obras realizadas.<\/p>\n\n\n\n<p class=\"wp-block-paragraph\">La maestra Berenice D\u00edaz Vallejo, vecina de la Alameda, agradeci\u00f3 a las autoridades municipales, \u201cnos han ayudado a levantar este rinconcito veracruzano, con mucho amor y dedicaci\u00f3n, ellos han puesto cosas que necesitamos aqu\u00ed en Ciudad Mendoza\u201d, y consider\u00f3 que este espacio, adem\u00e1s de ser un \u00e1rea de recreo familiar, es tambi\u00e9n un santuario de eucaliptos, y record\u00f3 que muchos de esos, fueron plantados hace cien a\u00f1os por su se\u00f1or padre.<\/p>\n\n\n\n<p class=\"wp-block-paragraph\">Ella fue pionera en cuanto al cuidado de la Alameda, luchadora siempre por el cuidado de ese espacio, \u201ctodos los vecinos, le agradecemos Don H\u00e9ctor, que haya puesto ese recurso aqu\u00ed\u201d, y reconoci\u00f3 que ahora se tiene un espacio mejorados para el disfrute de las familias mendocinas.<\/p>\n\n\n\n<p class=\"wp-block-paragraph\">El Alcalde, por su parte, consider\u00f3 que estas obras en espacios de recreaci\u00f3n, son fundamentales, porque fomentan la convivencia y fortalecen los lazos familiares, adem\u00e1s de promover la salud f\u00edsica, y mental, y le dan sentido a la comunidad.<\/p>\n\n\n\n<p class=\"wp-block-paragraph\">\u201cSon espacios gratuitos, ben\u00e9ficos para todos, conviven ni\u00f1os y adultos\u201d, y record\u00f3 que en la Alameda se trabaj\u00f3 en varias etapas, y ahora se ha convertido en un \u00e1rea limpia y ordenada, que tambi\u00e9n cuenta con la Villa de los Peques, la fuente con cascadas, canchas rehabilitadas y nuevas luminarias.<\/p>\n\n\n\n<p class=\"wp-block-paragraph\">Acompa\u00f1aron a las autoridades municipales, el se\u00f1or Germ\u00e1n Quintero M\u00e1rmol Rodr\u00edguez; as\u00ed como otros vecinos, y ciudadanos mendocinos. De igual forma, el tesorero, LFCP Abel V\u00e1squez Flores; el oficial mayor, Lic. Gerardo Mart\u00ednez Montesinos; y los directores de Obras P\u00fablicas, y de Servicios Municipales, Arq. Arturo Vargas Arceo, y el Ing. Carlos Ortiz Rodr\u00edguez, respectivamente.<\/p>\n","protected":false},"excerpt":{"rendered":"<p>Camerino Z. Mendoza, Ver.- Autoridades municipales inauguraron una fuente danzarina, un \u00e1rea de ejercitadores y nuevas luminarias en la Alameda \u201cBenito Ju\u00e1rez\u201d, mejorando este espacio p\u00fablico para el disfrute de los ciudadanos. El presidente municipal, C. H\u00e9ctor Rodr\u00edguez Cort\u00e9s, acompa\u00f1ado de la s\u00edndica, Lic. Mar\u00eda Isabel Morales Herrera; el regidor primero, C. Francisco Gorozpe Garc\u00eda; [&hellip;]<\/p>\n","protected":false},"author":2,"featured_media":4423,"comment_status":"open","ping_status":"open","sticky":false,"template":"","format":"standard","meta":{"rop_custom_images_group":[],"rop_custom_messages_group":[],"rop_publish_now":"initial","rop_publish_now_accounts":{"facebook_2001103103558832_108675811699976":""},"rop_publish_now_history":[],"rop_publish_now_status":"pending","footnotes":""},"categories":[5],"tags":[],"class_list":["post-4422","post","type-post","status-publish","format-standard","has-post-thumbnail","hentry","category-local"],"_links":{"self":[{"href":"https:\/\/reporte272.com\/portal\/wp-json\/wp\/v2\/posts\/4422","targetHints":{"allow":["GET"]}}],"collection":[{"href":"https:\/\/reporte272.com\/portal\/wp-json\/wp\/v2\/posts"}],"about":[{"href":"https:\/\/reporte272.com\/portal\/wp-json\/wp\/v2\/types\/post"}],"author":[{"embeddable":true,"href":"https:\/\/reporte272.com\/portal\/wp-json\/wp\/v2\/users\/2"}],"replies":[{"embeddable":true,"href":"https:\/\/reporte272.com\/portal\/wp-json\/wp\/v2\/comments?post=4422"}],"version-history":[{"count":1,"href":"https:\/\/reporte272.com\/portal\/wp-json\/wp\/v2\/posts\/4422\/revisions"}],"predecessor-version":[{"id":4424,"href":"https:\/\/reporte272.com\/portal\/wp-json\/wp\/v2\/posts\/4422\/revisions\/4424"}],"wp:featuredmedia":[{"embeddable":true,"href":"https:\/\/reporte272.com\/portal\/wp-json\/wp\/v2\/media\/4423"}],"wp:attachment":[{"href":"https:\/\/reporte272.com\/portal\/wp-json\/wp\/v2\/media?parent=4422"}],"wp:term":[{"taxonomy":"category","embeddable":true,"href":"https:\/\/reporte272.com\/portal\/wp-json\/wp\/v2\/categories?post=4422"},{"taxonomy":"post_tag","embeddable":true,"href":"https:\/\/reporte272.com\/portal\/wp-json\/wp\/v2\/tags?post=4422"}],"curies":[{"name":"wp","href":"https:\/\/api.w.org\/{rel}","templated":true}]}}