{"id":4431,"date":"2025-03-26T00:59:58","date_gmt":"2025-03-26T00:59:58","guid":{"rendered":"https:\/\/reporte272.com\/portal\/?p=4431"},"modified":"2025-03-26T01:00:00","modified_gmt":"2025-03-26T01:00:00","slug":"marcha-fpr-en-el-marco-de-la-jornada-estatal-contra-la-desaparicion-forzada","status":"publish","type":"post","link":"https:\/\/reporte272.com\/portal\/marcha-fpr-en-el-marco-de-la-jornada-estatal-contra-la-desaparicion-forzada\/","title":{"rendered":"Marcha FPR en el marco de la Jornada Estatal contra la desaparici\u00f3n forzada"},"content":{"rendered":"\n<p class=\"wp-block-paragraph\"><strong>Orizaba, Ver. (Reporte272).-<\/strong> Integrantes del Frente Popular Revolucionario realizaron una marcha y mitin pol\u00edtico en las inmediaciones del parque Apolinar Castillo de la ciudad de Orizaba en el marco de la jornada estatal contra la desaparici\u00f3n forzada.<br>\u201cEs cierto que hubo un cambio de gobierno pero no de pol\u00edtica, es cierto que hubo un cambio econ\u00f3mico mejorando algunas condiciones de vida pero no es lo que estamos buscando, sino estamos buscando sed de justicia\u201d.}<\/p>\n\n\n\n<p class=\"wp-block-paragraph\">Como Frente Popular Revolucionario en los ultimos a\u00f1os hemos mantenido las banderas en alto para decirle al gobierno federal , estatal y municipal que no vamos a quitar el dedo del rengl\u00f3n,  urge una respuesta a la desaparici\u00f3n forzada de nuestro compa\u00f1ero Gabriel Antonio G\u00f3mez Ca\u00f1as.<\/p>\n\n\n\n<p class=\"wp-block-paragraph\"><\/p>\n","protected":false},"excerpt":{"rendered":"<p>Orizaba, Ver. (Reporte272).- Integrantes del Frente Popular Revolucionario realizaron una marcha y mitin pol\u00edtico en las inmediaciones del parque Apolinar Castillo de la ciudad de Orizaba en el marco de la jornada estatal contra la desaparici\u00f3n forzada.\u201cEs cierto que hubo un cambio de gobierno pero no de pol\u00edtica, es cierto que hubo un cambio econ\u00f3mico [&hellip;]<\/p>\n","protected":false},"author":2,"featured_media":4432,"comment_status":"open","ping_status":"open","sticky":false,"template":"","format":"standard","meta":{"rop_custom_images_group":[],"rop_custom_messages_group":[],"rop_publish_now":"initial","rop_publish_now_accounts":{"facebook_2001103103558832_108675811699976":""},"rop_publish_now_history":[],"rop_publish_now_status":"pending","footnotes":""},"categories":[5],"tags":[],"class_list":["post-4431","post","type-post","status-publish","format-standard","has-post-thumbnail","hentry","category-local"],"_links":{"self":[{"href":"https:\/\/reporte272.com\/portal\/wp-json\/wp\/v2\/posts\/4431","targetHints":{"allow":["GET"]}}],"collection":[{"href":"https:\/\/reporte272.com\/portal\/wp-json\/wp\/v2\/posts"}],"about":[{"href":"https:\/\/reporte272.com\/portal\/wp-json\/wp\/v2\/types\/post"}],"author":[{"embeddable":true,"href":"https:\/\/reporte272.com\/portal\/wp-json\/wp\/v2\/users\/2"}],"replies":[{"embeddable":true,"href":"https:\/\/reporte272.com\/portal\/wp-json\/wp\/v2\/comments?post=4431"}],"version-history":[{"count":1,"href":"https:\/\/reporte272.com\/portal\/wp-json\/wp\/v2\/posts\/4431\/revisions"}],"predecessor-version":[{"id":4433,"href":"https:\/\/reporte272.com\/portal\/wp-json\/wp\/v2\/posts\/4431\/revisions\/4433"}],"wp:featuredmedia":[{"embeddable":true,"href":"https:\/\/reporte272.com\/portal\/wp-json\/wp\/v2\/media\/4432"}],"wp:attachment":[{"href":"https:\/\/reporte272.com\/portal\/wp-json\/wp\/v2\/media?parent=4431"}],"wp:term":[{"taxonomy":"category","embeddable":true,"href":"https:\/\/reporte272.com\/portal\/wp-json\/wp\/v2\/categories?post=4431"},{"taxonomy":"post_tag","embeddable":true,"href":"https:\/\/reporte272.com\/portal\/wp-json\/wp\/v2\/tags?post=4431"}],"curies":[{"name":"wp","href":"https:\/\/api.w.org\/{rel}","templated":true}]}}