{"id":4445,"date":"2025-03-27T06:28:28","date_gmt":"2025-03-27T06:28:28","guid":{"rendered":"https:\/\/reporte272.com\/portal\/?p=4445"},"modified":"2025-03-27T06:28:29","modified_gmt":"2025-03-27T06:28:29","slug":"emprenden-acciones-de-lucha-contra-el-dengue-zika-y-chikungunya-en-atzacan","status":"publish","type":"post","link":"https:\/\/reporte272.com\/portal\/emprenden-acciones-de-lucha-contra-el-dengue-zika-y-chikungunya-en-atzacan\/","title":{"rendered":"Emprenden acciones de lucha contra el dengue Zika y Chikungunya, en Atzacan."},"content":{"rendered":"\n<p class=\"wp-block-paragraph\"><strong>Atzacan, Ver. <\/strong>Para frenar la proliferaci\u00f3n del mosquito <img decoding=\"async\" height=\"16\" width=\"16\" src=\"https:\/\/static.xx.fbcdn.net\/images\/emoji.php\/v9\/t5e\/1\/16\/1f99f.png\" alt=\"\ud83e\udd9f\"> transmisor de enfermedades como el dengue, Zika y Chikungunya, el ayuntamiento de Atzacan en coordinaci\u00f3n con la jurisdicci\u00f3n Sanitaria 7 de Orizaba puso en marcha campa\u00f1as de prevenci\u00f3n.<\/p>\n\n\n\n<p class=\"wp-block-paragraph\">Las acciones iniciaron en la Primera y Segunda Secci\u00f3n realizando el retiro de cacharros y ma\u00f1ana jueves corresponder\u00e1 a la Tercera y Cuarta Secci\u00f3n, por lo cual se insta a las familias a participar activamente.<\/p>\n\n\n\n<p class=\"wp-block-paragraph\">El doctor Mauro Irineo V\u00e1squez Flores, jefe de la Jurisdicci\u00f3n Sanitaria, destac\u00f3 el trabajo coordinado de esta administraci\u00f3n y la disposici\u00f3n del alcalde MARIO ALBERTO VARGAS AMADOR para disminuir los casos confirmados de la enfermedad.<\/p>\n\n\n\n<p class=\"wp-block-paragraph\">El a\u00f1o pasado se trabaj\u00f3 con m\u00e1quinas termonebulizadoras adquiridas por este gobierno municipal y adem\u00e1s se contrat\u00f3 a personal para labores de brigadeo y colocaci\u00f3n de Abate en las casas.<\/p>\n","protected":false},"excerpt":{"rendered":"<p>Atzacan, Ver. Para frenar la proliferaci\u00f3n del mosquito transmisor de enfermedades como el dengue, Zika y Chikungunya, el ayuntamiento de Atzacan en coordinaci\u00f3n con la jurisdicci\u00f3n Sanitaria 7 de Orizaba puso en marcha campa\u00f1as de prevenci\u00f3n. Las acciones iniciaron en la Primera y Segunda Secci\u00f3n realizando el retiro de cacharros y ma\u00f1ana jueves corresponder\u00e1 a [&hellip;]<\/p>\n","protected":false},"author":2,"featured_media":4446,"comment_status":"open","ping_status":"open","sticky":false,"template":"","format":"standard","meta":{"rop_custom_images_group":[],"rop_custom_messages_group":[],"rop_publish_now":"initial","rop_publish_now_accounts":{"facebook_2001103103558832_108675811699976":""},"rop_publish_now_history":[],"rop_publish_now_status":"pending","footnotes":""},"categories":[5],"tags":[],"class_list":["post-4445","post","type-post","status-publish","format-standard","has-post-thumbnail","hentry","category-local"],"_links":{"self":[{"href":"https:\/\/reporte272.com\/portal\/wp-json\/wp\/v2\/posts\/4445","targetHints":{"allow":["GET"]}}],"collection":[{"href":"https:\/\/reporte272.com\/portal\/wp-json\/wp\/v2\/posts"}],"about":[{"href":"https:\/\/reporte272.com\/portal\/wp-json\/wp\/v2\/types\/post"}],"author":[{"embeddable":true,"href":"https:\/\/reporte272.com\/portal\/wp-json\/wp\/v2\/users\/2"}],"replies":[{"embeddable":true,"href":"https:\/\/reporte272.com\/portal\/wp-json\/wp\/v2\/comments?post=4445"}],"version-history":[{"count":1,"href":"https:\/\/reporte272.com\/portal\/wp-json\/wp\/v2\/posts\/4445\/revisions"}],"predecessor-version":[{"id":4447,"href":"https:\/\/reporte272.com\/portal\/wp-json\/wp\/v2\/posts\/4445\/revisions\/4447"}],"wp:featuredmedia":[{"embeddable":true,"href":"https:\/\/reporte272.com\/portal\/wp-json\/wp\/v2\/media\/4446"}],"wp:attachment":[{"href":"https:\/\/reporte272.com\/portal\/wp-json\/wp\/v2\/media?parent=4445"}],"wp:term":[{"taxonomy":"category","embeddable":true,"href":"https:\/\/reporte272.com\/portal\/wp-json\/wp\/v2\/categories?post=4445"},{"taxonomy":"post_tag","embeddable":true,"href":"https:\/\/reporte272.com\/portal\/wp-json\/wp\/v2\/tags?post=4445"}],"curies":[{"name":"wp","href":"https:\/\/api.w.org\/{rel}","templated":true}]}}