{"id":4448,"date":"2025-03-27T06:57:49","date_gmt":"2025-03-27T06:57:49","guid":{"rendered":"https:\/\/reporte272.com\/portal\/?p=4448"},"modified":"2025-03-27T06:57:50","modified_gmt":"2025-03-27T06:57:50","slug":"alistan-caminata-por-el-dia-internacional-del-autismo","status":"publish","type":"post","link":"https:\/\/reporte272.com\/portal\/alistan-caminata-por-el-dia-internacional-del-autismo\/","title":{"rendered":"Alistan caminata por el D\u00eda Internacional del Autismo"},"content":{"rendered":"\n<p class=\"wp-block-paragraph\"><strong>Orizaba, Ver. (Reporte272 \/ Eliseo Morales). &#8211; <\/strong>Integrantes de la asociaci\u00f3n &#8220;Peque\u00f1os Maestros&#8221; por cuarta vez realizar\u00e1n una caminata por el D\u00eda Internacional del Autismo el pr\u00f3ximo domingo 30 de marzo, as\u00ed lo dio a conocer Marisol Morales. <\/p>\n\n\n\n<p class=\"wp-block-paragraph\">&#8220;Este 30 de marzo a las 10:00 AM, desde la Plazoleta de los Dolores hasta el Poliforum, se realizar\u00e1 la 4ta Caminata por el D\u00eda Internacional del Autismo&#8221;.<\/p>\n","protected":false},"excerpt":{"rendered":"<p>Orizaba, Ver. (Reporte272 \/ Eliseo Morales). &#8211; Integrantes de la asociaci\u00f3n &#8220;Peque\u00f1os Maestros&#8221; por cuarta vez realizar\u00e1n una caminata por el D\u00eda Internacional del Autismo el pr\u00f3ximo domingo 30 de marzo, as\u00ed lo dio a conocer Marisol Morales. &#8220;Este 30 de marzo a las 10:00 AM, desde la Plazoleta de los Dolores hasta el Poliforum, [&hellip;]<\/p>\n","protected":false},"author":2,"featured_media":4449,"comment_status":"open","ping_status":"open","sticky":false,"template":"","format":"standard","meta":{"rop_custom_images_group":[],"rop_custom_messages_group":[],"rop_publish_now":"initial","rop_publish_now_accounts":{"facebook_2001103103558832_108675811699976":""},"rop_publish_now_history":[],"rop_publish_now_status":"pending","footnotes":""},"categories":[5],"tags":[],"class_list":["post-4448","post","type-post","status-publish","format-standard","has-post-thumbnail","hentry","category-local"],"_links":{"self":[{"href":"https:\/\/reporte272.com\/portal\/wp-json\/wp\/v2\/posts\/4448","targetHints":{"allow":["GET"]}}],"collection":[{"href":"https:\/\/reporte272.com\/portal\/wp-json\/wp\/v2\/posts"}],"about":[{"href":"https:\/\/reporte272.com\/portal\/wp-json\/wp\/v2\/types\/post"}],"author":[{"embeddable":true,"href":"https:\/\/reporte272.com\/portal\/wp-json\/wp\/v2\/users\/2"}],"replies":[{"embeddable":true,"href":"https:\/\/reporte272.com\/portal\/wp-json\/wp\/v2\/comments?post=4448"}],"version-history":[{"count":1,"href":"https:\/\/reporte272.com\/portal\/wp-json\/wp\/v2\/posts\/4448\/revisions"}],"predecessor-version":[{"id":4450,"href":"https:\/\/reporte272.com\/portal\/wp-json\/wp\/v2\/posts\/4448\/revisions\/4450"}],"wp:featuredmedia":[{"embeddable":true,"href":"https:\/\/reporte272.com\/portal\/wp-json\/wp\/v2\/media\/4449"}],"wp:attachment":[{"href":"https:\/\/reporte272.com\/portal\/wp-json\/wp\/v2\/media?parent=4448"}],"wp:term":[{"taxonomy":"category","embeddable":true,"href":"https:\/\/reporte272.com\/portal\/wp-json\/wp\/v2\/categories?post=4448"},{"taxonomy":"post_tag","embeddable":true,"href":"https:\/\/reporte272.com\/portal\/wp-json\/wp\/v2\/tags?post=4448"}],"curies":[{"name":"wp","href":"https:\/\/api.w.org\/{rel}","templated":true}]}}