{"id":4457,"date":"2025-03-27T22:14:34","date_gmt":"2025-03-27T22:14:34","guid":{"rendered":"https:\/\/reporte272.com\/portal\/?p=4457"},"modified":"2025-03-27T22:14:35","modified_gmt":"2025-03-27T22:14:35","slug":"chocan-en-el-cruce-de-avenida-11-y-calle-4-no-se-reportan-lesionados","status":"publish","type":"post","link":"https:\/\/reporte272.com\/portal\/chocan-en-el-cruce-de-avenida-11-y-calle-4-no-se-reportan-lesionados\/","title":{"rendered":"Chocan en el cruce de avenida 11 y Calle 4; no se reportan lesionados"},"content":{"rendered":"\n<p class=\"wp-block-paragraph\"><strong>C\u00f3rdoba, Ver. (Reporte272).- <\/strong>Dos conductores protagonizaron un accidente vial en el cruce de avenida 11 y Calle 4 luego de argumentar ambos haberse pasado el sem\u00e1foro <img decoding=\"async\" height=\"16\" width=\"16\" src=\"https:\/\/static.xx.fbcdn.net\/images\/emoji.php\/v9\/t43\/1\/16\/1f6a6.png\" alt=\"\ud83d\udea6\"> en luz verde; no se reportan lesionados solo da\u00f1os materiales.<\/p>\n\n\n\n<p class=\"wp-block-paragraph\">Los hechos que se registraron est\u00e1 ma\u00f1ana de jueves en el citado crucero gener\u00f3 la movilizaci\u00f3n de los cuerpos de auxilio, elementos de la Policia y el perito en turno quienes arribaron en cuesti\u00f3n de minutos para tomar conocimiento.<\/p>\n","protected":false},"excerpt":{"rendered":"<p>C\u00f3rdoba, Ver. (Reporte272).- Dos conductores protagonizaron un accidente vial en el cruce de avenida 11 y Calle 4 luego de argumentar ambos haberse pasado el sem\u00e1foro en luz verde; no se reportan lesionados solo da\u00f1os materiales. Los hechos que se registraron est\u00e1 ma\u00f1ana de jueves en el citado crucero gener\u00f3 la movilizaci\u00f3n de los cuerpos [&hellip;]<\/p>\n","protected":false},"author":2,"featured_media":4458,"comment_status":"open","ping_status":"open","sticky":false,"template":"","format":"standard","meta":{"rop_custom_images_group":[],"rop_custom_messages_group":[],"rop_publish_now":"initial","rop_publish_now_accounts":{"facebook_2001103103558832_108675811699976":""},"rop_publish_now_history":[],"rop_publish_now_status":"pending","footnotes":""},"categories":[9],"tags":[],"class_list":["post-4457","post","type-post","status-publish","format-standard","has-post-thumbnail","hentry","category-policiaca"],"_links":{"self":[{"href":"https:\/\/reporte272.com\/portal\/wp-json\/wp\/v2\/posts\/4457","targetHints":{"allow":["GET"]}}],"collection":[{"href":"https:\/\/reporte272.com\/portal\/wp-json\/wp\/v2\/posts"}],"about":[{"href":"https:\/\/reporte272.com\/portal\/wp-json\/wp\/v2\/types\/post"}],"author":[{"embeddable":true,"href":"https:\/\/reporte272.com\/portal\/wp-json\/wp\/v2\/users\/2"}],"replies":[{"embeddable":true,"href":"https:\/\/reporte272.com\/portal\/wp-json\/wp\/v2\/comments?post=4457"}],"version-history":[{"count":1,"href":"https:\/\/reporte272.com\/portal\/wp-json\/wp\/v2\/posts\/4457\/revisions"}],"predecessor-version":[{"id":4459,"href":"https:\/\/reporte272.com\/portal\/wp-json\/wp\/v2\/posts\/4457\/revisions\/4459"}],"wp:featuredmedia":[{"embeddable":true,"href":"https:\/\/reporte272.com\/portal\/wp-json\/wp\/v2\/media\/4458"}],"wp:attachment":[{"href":"https:\/\/reporte272.com\/portal\/wp-json\/wp\/v2\/media?parent=4457"}],"wp:term":[{"taxonomy":"category","embeddable":true,"href":"https:\/\/reporte272.com\/portal\/wp-json\/wp\/v2\/categories?post=4457"},{"taxonomy":"post_tag","embeddable":true,"href":"https:\/\/reporte272.com\/portal\/wp-json\/wp\/v2\/tags?post=4457"}],"curies":[{"name":"wp","href":"https:\/\/api.w.org\/{rel}","templated":true}]}}