{"id":4462,"date":"2025-03-28T14:34:48","date_gmt":"2025-03-28T14:34:48","guid":{"rendered":"https:\/\/reporte272.com\/portal\/?p=4462"},"modified":"2025-03-28T14:34:49","modified_gmt":"2025-03-28T14:34:49","slug":"llega-brigada-de-salud-itinerantea-ixhuatlancillo","status":"publish","type":"post","link":"https:\/\/reporte272.com\/portal\/llega-brigada-de-salud-itinerantea-ixhuatlancillo\/","title":{"rendered":"Llega &#8216;Brigada de salud itinerante&#8221;a Ixhuatlancillo"},"content":{"rendered":"\n<p class=\"wp-block-paragraph\"><strong>Ixhuatlancillo, Ver. &#8211;<\/strong> Con el objetivo de concientizar a la ciudadan\u00eda sobre la importancia del cuidado de la salud, este jueves arrib\u00f3 una &#8216;Brigada de salud itinerante&#8217;, donde adolescentes de la Telesecundaria &#8216;Pedro de Gante&#8217; y p\u00fablico en general recibieron pl\u00e1ticas informativas sobre diferentes temas, adem\u00e1s de servicios m\u00e9dicos gratuitos.<\/p>\n\n\n\n<p class=\"wp-block-paragraph\">En conjunto con esta jornada que se realiz\u00f3 de 9 de la ma\u00f1ana a 2 de la tarde, tambi\u00e9n inici\u00f3 la &#8216;Campa\u00f1a nacional para la prevenci\u00f3n del suicidio&#8217;, que inauguraron el alcalde, Fernando Ochoa Vergara al lado de su esposa, la presidenta del DIF municipal, Reyna Azucena Ochoa S\u00e1nchez, as\u00ed como parte de su comuna en pleno y autoridades de salud encabezadas por el jefe de la Jurisdicci\u00f3n Sanitaria n\u00famero 7, Mauro Irineo V\u00e1squez L\u00f3pez.<\/p>\n\n\n\n<p class=\"wp-block-paragraph\">Posterior al corte del list\u00f3n inaugural, realizaron un recorrido por los distintos estands en donde los j\u00f3venes y adultos asistentes conocieron m\u00e1s acerca de prevenci\u00f3n del embarazo en adolescentes, las emociones, suicidio, medicina tradicional, parteras tradicionales, nutrici\u00f3n, salud mental, entre otros.<\/p>\n\n\n\n<p class=\"wp-block-paragraph\">En entrevista, la titular del DIF Ixhuatlancillo, Reyna Azucena Ochoa S\u00e1nchez, destac\u00f3 que en esta ocasi\u00f3n se gestion\u00f3 que 20 dentistas acudieran para dar servicio sin costo a la poblaci\u00f3n, pues es el m\u00e1s solicitado, con limpieza dental, aplicaci\u00f3n de fl\u00faor y extracci\u00f3n.<\/p>\n\n\n\n<p class=\"wp-block-paragraph\">&#8220;Desde que empez\u00f3 la administraci\u00f3n estamos trabajando en cada escuela junto con un equipo de la universidad de psic\u00f3logos. Esto, lo estamos dando d\u00eda con d\u00eda en todas las escuelas&#8221;, concluy\u00f3 Ochoa S\u00e1nchez.<\/p>\n","protected":false},"excerpt":{"rendered":"<p>Ixhuatlancillo, Ver. &#8211; Con el objetivo de concientizar a la ciudadan\u00eda sobre la importancia del cuidado de la salud, este jueves arrib\u00f3 una &#8216;Brigada de salud itinerante&#8217;, donde adolescentes de la Telesecundaria &#8216;Pedro de Gante&#8217; y p\u00fablico en general recibieron pl\u00e1ticas informativas sobre diferentes temas, adem\u00e1s de servicios m\u00e9dicos gratuitos. En conjunto con esta jornada [&hellip;]<\/p>\n","protected":false},"author":2,"featured_media":4463,"comment_status":"open","ping_status":"open","sticky":false,"template":"","format":"standard","meta":{"rop_custom_images_group":[],"rop_custom_messages_group":[],"rop_publish_now":"initial","rop_publish_now_accounts":{"facebook_2001103103558832_108675811699976":""},"rop_publish_now_history":[],"rop_publish_now_status":"pending","footnotes":""},"categories":[5],"tags":[],"class_list":["post-4462","post","type-post","status-publish","format-standard","has-post-thumbnail","hentry","category-local"],"_links":{"self":[{"href":"https:\/\/reporte272.com\/portal\/wp-json\/wp\/v2\/posts\/4462","targetHints":{"allow":["GET"]}}],"collection":[{"href":"https:\/\/reporte272.com\/portal\/wp-json\/wp\/v2\/posts"}],"about":[{"href":"https:\/\/reporte272.com\/portal\/wp-json\/wp\/v2\/types\/post"}],"author":[{"embeddable":true,"href":"https:\/\/reporte272.com\/portal\/wp-json\/wp\/v2\/users\/2"}],"replies":[{"embeddable":true,"href":"https:\/\/reporte272.com\/portal\/wp-json\/wp\/v2\/comments?post=4462"}],"version-history":[{"count":1,"href":"https:\/\/reporte272.com\/portal\/wp-json\/wp\/v2\/posts\/4462\/revisions"}],"predecessor-version":[{"id":4464,"href":"https:\/\/reporte272.com\/portal\/wp-json\/wp\/v2\/posts\/4462\/revisions\/4464"}],"wp:featuredmedia":[{"embeddable":true,"href":"https:\/\/reporte272.com\/portal\/wp-json\/wp\/v2\/media\/4463"}],"wp:attachment":[{"href":"https:\/\/reporte272.com\/portal\/wp-json\/wp\/v2\/media?parent=4462"}],"wp:term":[{"taxonomy":"category","embeddable":true,"href":"https:\/\/reporte272.com\/portal\/wp-json\/wp\/v2\/categories?post=4462"},{"taxonomy":"post_tag","embeddable":true,"href":"https:\/\/reporte272.com\/portal\/wp-json\/wp\/v2\/tags?post=4462"}],"curies":[{"name":"wp","href":"https:\/\/api.w.org\/{rel}","templated":true}]}}