{"id":4465,"date":"2025-03-28T15:17:04","date_gmt":"2025-03-28T15:17:04","guid":{"rendered":"https:\/\/reporte272.com\/portal\/?p=4465"},"modified":"2025-03-28T15:20:29","modified_gmt":"2025-03-28T15:20:29","slug":"la-perla-esta-lista-para-recibir-el-mexico-sky-challenge","status":"publish","type":"post","link":"https:\/\/reporte272.com\/portal\/la-perla-esta-lista-para-recibir-el-mexico-sky-challenge\/","title":{"rendered":"La Perla est\u00e1 lista para recibir el M\u00e9xico Sky Challenge"},"content":{"rendered":"\n<p class=\"wp-block-paragraph\"><strong>La Perla, Veracruz. (Reporte272 \/ Alfonso Yonca Glez).-<\/strong> El municipio de La Perla se reporta lista para recibir a m\u00e1s de 250 corredores que participan en el M\u00e9xico Sky M\u00e9xico de 35 km, as\u00ed lo dio a conocer la presidenta Municipal Ruth Garc\u00eda Meza.<\/p>\n\n\n\n<p class=\"wp-block-paragraph\">En entrevista dijo que el municipio de La Perla volver\u00e1 a albergar un evento de ultradistancia de car\u00e1cter mundial, ya que este s\u00e1bado servir\u00e1 de punto de partida para dos distancias del M\u00e9xico Sky Challenge.<\/p>\n\n\n\n<p class=\"wp-block-paragraph\">La alcaldesa Ruth Garc\u00eda Meza resalt\u00f3 que el municipio se reporta listo para recibir a los corredores que participar\u00e1n en este emocionante evento.<br>Este certamen de ultradistancia se llevar\u00e1 a cabo en Orizaba y sus alrededores del 28 al 30 de marzo, con distancias de 6K, 14K, 25K, 35K y la desafiante 52K.<br>&#8220;De nuestro municipio de La Perla saldr\u00e1n las distancias de 35 y 52 km, el s\u00e1bado 29 a las 5 de la ma\u00f1ana&#8221;.<\/p>\n","protected":false},"excerpt":{"rendered":"<p>La Perla, Veracruz. (Reporte272 \/ Alfonso Yonca Glez).- El municipio de La Perla se reporta lista para recibir a m\u00e1s de 250 corredores que participan en el M\u00e9xico Sky M\u00e9xico de 35 km, as\u00ed lo dio a conocer la presidenta Municipal Ruth Garc\u00eda Meza. En entrevista dijo que el municipio de La Perla volver\u00e1 a [&hellip;]<\/p>\n","protected":false},"author":2,"featured_media":4466,"comment_status":"open","ping_status":"open","sticky":false,"template":"","format":"standard","meta":{"rop_custom_images_group":[],"rop_custom_messages_group":[],"rop_publish_now":"initial","rop_publish_now_accounts":{"facebook_2001103103558832_108675811699976":""},"rop_publish_now_history":[],"rop_publish_now_status":"pending","footnotes":""},"categories":[8,6,5,7],"tags":[],"class_list":["post-4465","post","type-post","status-publish","format-standard","has-post-thumbnail","hentry","category-deportes","category-estatal","category-local","category-nacional"],"_links":{"self":[{"href":"https:\/\/reporte272.com\/portal\/wp-json\/wp\/v2\/posts\/4465","targetHints":{"allow":["GET"]}}],"collection":[{"href":"https:\/\/reporte272.com\/portal\/wp-json\/wp\/v2\/posts"}],"about":[{"href":"https:\/\/reporte272.com\/portal\/wp-json\/wp\/v2\/types\/post"}],"author":[{"embeddable":true,"href":"https:\/\/reporte272.com\/portal\/wp-json\/wp\/v2\/users\/2"}],"replies":[{"embeddable":true,"href":"https:\/\/reporte272.com\/portal\/wp-json\/wp\/v2\/comments?post=4465"}],"version-history":[{"count":2,"href":"https:\/\/reporte272.com\/portal\/wp-json\/wp\/v2\/posts\/4465\/revisions"}],"predecessor-version":[{"id":4468,"href":"https:\/\/reporte272.com\/portal\/wp-json\/wp\/v2\/posts\/4465\/revisions\/4468"}],"wp:featuredmedia":[{"embeddable":true,"href":"https:\/\/reporte272.com\/portal\/wp-json\/wp\/v2\/media\/4466"}],"wp:attachment":[{"href":"https:\/\/reporte272.com\/portal\/wp-json\/wp\/v2\/media?parent=4465"}],"wp:term":[{"taxonomy":"category","embeddable":true,"href":"https:\/\/reporte272.com\/portal\/wp-json\/wp\/v2\/categories?post=4465"},{"taxonomy":"post_tag","embeddable":true,"href":"https:\/\/reporte272.com\/portal\/wp-json\/wp\/v2\/tags?post=4465"}],"curies":[{"name":"wp","href":"https:\/\/api.w.org\/{rel}","templated":true}]}}