{"id":4481,"date":"2025-03-29T15:11:47","date_gmt":"2025-03-29T15:11:47","guid":{"rendered":"https:\/\/reporte272.com\/portal\/?p=4481"},"modified":"2025-03-29T15:11:48","modified_gmt":"2025-03-29T15:11:48","slug":"muere-masculino-arrollado-por-vehiculo-fantasma-en-la-autopista-orizaba-cordoba","status":"publish","type":"post","link":"https:\/\/reporte272.com\/portal\/muere-masculino-arrollado-por-vehiculo-fantasma-en-la-autopista-orizaba-cordoba\/","title":{"rendered":"Muere masculino arrollado por veh\u00edculo fantasma en la autopista Orizaba-C\u00f3rdoba"},"content":{"rendered":"\n<p class=\"wp-block-paragraph\"><strong>C\u00f3rdoba, Ver. (Reporte272).- <\/strong>Una persona del sexo masculino muri\u00f3 arrollada en la carretera autopista, Orizaba- Veracruz, a altura del km. 291 direcci\u00f3n a Veracruz, fue arrastrada casi 100 metros del lugar del impacto por veh\u00edculo hasta ahora desconocido.<\/p>\n\n\n\n<p class=\"wp-block-paragraph\">Hasta el momento el cuerpo se encuentra depositado en el Semefo de C\u00f3rdoba, en calidad de desconocido en donde le practicaran la necropsia de rigor.<\/p>\n","protected":false},"excerpt":{"rendered":"<p>C\u00f3rdoba, Ver. (Reporte272).- Una persona del sexo masculino muri\u00f3 arrollada en la carretera autopista, Orizaba- Veracruz, a altura del km. 291 direcci\u00f3n a Veracruz, fue arrastrada casi 100 metros del lugar del impacto por veh\u00edculo hasta ahora desconocido. Hasta el momento el cuerpo se encuentra depositado en el Semefo de C\u00f3rdoba, en calidad de desconocido [&hellip;]<\/p>\n","protected":false},"author":2,"featured_media":4482,"comment_status":"open","ping_status":"open","sticky":false,"template":"","format":"standard","meta":{"rop_custom_images_group":[],"rop_custom_messages_group":[],"rop_publish_now":"initial","rop_publish_now_accounts":{"facebook_2001103103558832_108675811699976":""},"rop_publish_now_history":[],"rop_publish_now_status":"pending","footnotes":""},"categories":[9],"tags":[],"class_list":["post-4481","post","type-post","status-publish","format-standard","has-post-thumbnail","hentry","category-policiaca"],"_links":{"self":[{"href":"https:\/\/reporte272.com\/portal\/wp-json\/wp\/v2\/posts\/4481","targetHints":{"allow":["GET"]}}],"collection":[{"href":"https:\/\/reporte272.com\/portal\/wp-json\/wp\/v2\/posts"}],"about":[{"href":"https:\/\/reporte272.com\/portal\/wp-json\/wp\/v2\/types\/post"}],"author":[{"embeddable":true,"href":"https:\/\/reporte272.com\/portal\/wp-json\/wp\/v2\/users\/2"}],"replies":[{"embeddable":true,"href":"https:\/\/reporte272.com\/portal\/wp-json\/wp\/v2\/comments?post=4481"}],"version-history":[{"count":1,"href":"https:\/\/reporte272.com\/portal\/wp-json\/wp\/v2\/posts\/4481\/revisions"}],"predecessor-version":[{"id":4483,"href":"https:\/\/reporte272.com\/portal\/wp-json\/wp\/v2\/posts\/4481\/revisions\/4483"}],"wp:featuredmedia":[{"embeddable":true,"href":"https:\/\/reporte272.com\/portal\/wp-json\/wp\/v2\/media\/4482"}],"wp:attachment":[{"href":"https:\/\/reporte272.com\/portal\/wp-json\/wp\/v2\/media?parent=4481"}],"wp:term":[{"taxonomy":"category","embeddable":true,"href":"https:\/\/reporte272.com\/portal\/wp-json\/wp\/v2\/categories?post=4481"},{"taxonomy":"post_tag","embeddable":true,"href":"https:\/\/reporte272.com\/portal\/wp-json\/wp\/v2\/tags?post=4481"}],"curies":[{"name":"wp","href":"https:\/\/api.w.org\/{rel}","templated":true}]}}