{"id":4484,"date":"2025-03-29T15:31:43","date_gmt":"2025-03-29T15:31:43","guid":{"rendered":"https:\/\/reporte272.com\/portal\/?p=4484"},"modified":"2025-03-29T15:31:44","modified_gmt":"2025-03-29T15:31:44","slug":"renuncia-jose-gomez-deyta-como-tesorero-de-rio-blanco","status":"publish","type":"post","link":"https:\/\/reporte272.com\/portal\/renuncia-jose-gomez-deyta-como-tesorero-de-rio-blanco\/","title":{"rendered":"Renuncia Jos\u00e9 G\u00f3mez Deyta como tesorero de Rio Blanco"},"content":{"rendered":"\n<p class=\"wp-block-paragraph\"><strong>Rio Blanco, Ver. (Reporte272\/ Alfonso Yonca Glez).-  <\/strong>El presidente Municipal de Rio Blanco Ricardo P\u00e9rez Garc\u00eda dio a conocer que ha aceptado la carta de renuncia del tesorero Jos\u00e9 G\u00f3mez Deyta encargado hasta este viernes 28 de marzo de 2025 como encargado de las finanzas municipales de la administraci\u00f3n 2022 &#8211; 2025.<br>&#8220;Hace un par de horas me dio su carta de renuncia, quiero decirles y manifestarles a ustedes medios de comunicaci\u00f3n pero sobre todo a quienes nos ven a trav\u00e9s de sus plataformas que estoy agradecido y conforme con el trabajo desempe\u00f1ado durante estos a\u00f1os de arduo trabajo&#8221;, inform\u00f3 el alcalde r\u00edoblanquense.<\/p>\n\n\n\n<p class=\"wp-block-paragraph\">Por su parte el ex administrador de la finanzas p\u00fablicas municipales, agradeci\u00f3 la oportunidad que le di\u00f3 el Cabildo de Rio Blanco para estar al frente de dicho encargo pero en congruencia y para atender su proyecto personal deja de ser tesorero presentando su renuncia en caracter de irrevocable.<\/p>\n\n\n\n<p class=\"wp-block-paragraph\">&#8220;A partir de hoy me ausento del ayuntamiento y me dedico a hacer un trabajo para servir a finales de este mes y el resto del a\u00f1o. Alcalde muchas gracias por la oportunidad&#8221;, se\u00f1al\u00f3 G\u00f3mez Deyta.<\/p>\n\n\n\n<p class=\"wp-block-paragraph\">Por \u00faltimo, el municipe dijo que en breve dar\u00e1 a conocer el nombre de la persona que lo sustituya en el cargo y muy seguramente ser\u00e1 alguno de los que integraron su equipo multidisciplinario que ha funcionado bien de cara al cierre del mismo.<\/p>\n","protected":false},"excerpt":{"rendered":"<p>Rio Blanco, Ver. (Reporte272\/ Alfonso Yonca Glez).- El presidente Municipal de Rio Blanco Ricardo P\u00e9rez Garc\u00eda dio a conocer que ha aceptado la carta de renuncia del tesorero Jos\u00e9 G\u00f3mez Deyta encargado hasta este viernes 28 de marzo de 2025 como encargado de las finanzas municipales de la administraci\u00f3n 2022 &#8211; 2025.&#8220;Hace un par de [&hellip;]<\/p>\n","protected":false},"author":2,"featured_media":4485,"comment_status":"open","ping_status":"open","sticky":false,"template":"","format":"standard","meta":{"rop_custom_images_group":[],"rop_custom_messages_group":[],"rop_publish_now":"initial","rop_publish_now_accounts":{"facebook_2001103103558832_108675811699976":""},"rop_publish_now_history":[],"rop_publish_now_status":"pending","footnotes":""},"categories":[5,10],"tags":[],"class_list":["post-4484","post","type-post","status-publish","format-standard","has-post-thumbnail","hentry","category-local","category-portada"],"_links":{"self":[{"href":"https:\/\/reporte272.com\/portal\/wp-json\/wp\/v2\/posts\/4484","targetHints":{"allow":["GET"]}}],"collection":[{"href":"https:\/\/reporte272.com\/portal\/wp-json\/wp\/v2\/posts"}],"about":[{"href":"https:\/\/reporte272.com\/portal\/wp-json\/wp\/v2\/types\/post"}],"author":[{"embeddable":true,"href":"https:\/\/reporte272.com\/portal\/wp-json\/wp\/v2\/users\/2"}],"replies":[{"embeddable":true,"href":"https:\/\/reporte272.com\/portal\/wp-json\/wp\/v2\/comments?post=4484"}],"version-history":[{"count":1,"href":"https:\/\/reporte272.com\/portal\/wp-json\/wp\/v2\/posts\/4484\/revisions"}],"predecessor-version":[{"id":4486,"href":"https:\/\/reporte272.com\/portal\/wp-json\/wp\/v2\/posts\/4484\/revisions\/4486"}],"wp:featuredmedia":[{"embeddable":true,"href":"https:\/\/reporte272.com\/portal\/wp-json\/wp\/v2\/media\/4485"}],"wp:attachment":[{"href":"https:\/\/reporte272.com\/portal\/wp-json\/wp\/v2\/media?parent=4484"}],"wp:term":[{"taxonomy":"category","embeddable":true,"href":"https:\/\/reporte272.com\/portal\/wp-json\/wp\/v2\/categories?post=4484"},{"taxonomy":"post_tag","embeddable":true,"href":"https:\/\/reporte272.com\/portal\/wp-json\/wp\/v2\/tags?post=4484"}],"curies":[{"name":"wp","href":"https:\/\/api.w.org\/{rel}","templated":true}]}}