{"id":4490,"date":"2025-03-30T02:50:09","date_gmt":"2025-03-30T02:50:09","guid":{"rendered":"https:\/\/reporte272.com\/portal\/?p=4490"},"modified":"2025-03-30T04:00:07","modified_gmt":"2025-03-30T04:00:07","slug":"se-registra-margarita-duran-alcantara-ante-el-ople-como-candidata-del-pt-a-la-presidencia-municipal-de-atzacan","status":"publish","type":"post","link":"https:\/\/reporte272.com\/portal\/se-registra-margarita-duran-alcantara-ante-el-ople-como-candidata-del-pt-a-la-presidencia-municipal-de-atzacan\/","title":{"rendered":"Se registra Margarita Dur\u00e1n Alc\u00e1ntara ante el OPLE como candidata del PT a la presidencia Municipal de Atzacan"},"content":{"rendered":"\n<p class=\"wp-block-paragraph\"><strong>Atzacan, Ver. (Reporte272). <\/strong>La tarde de este s\u00e1bado la licenciada Margarita Dur\u00e1n Alc\u00e1ntara acudi\u00f3 al Consejo Municipal del OPLE acompa\u00f1ada del l\u00edder estatal del PT Vicente Aguilar Aguilar para solicitar su registro como candidata del Partido del Trabajo a la presidencia Municipal de Atzacan ante decenas de simpatizantes y militantes.<\/p>\n\n\n\n<p class=\"wp-block-paragraph\">Aguilar Aguilar hizo el llamado a respetar la ley electoral, adem\u00e1s de que est\u00e1n en el ojo del hurac\u00e1n porque hay muchas posibilidades de obtener el triunfo en varios municipios de la entidad veracruzana.<\/p>\n\n\n\n<p class=\"wp-block-paragraph\">&#8220;Para el Partido del Trabajo es muy importante estar acompa\u00f1ando a la compa\u00f1era Mago en su registro ante el \u00f3rgano electoral representa un esfuerzo por venir, no va hacer f\u00e1cil pero estamos seguros que vamos a ganar porque traemos una gran ventaja que es tiempo de mujeres&#8221;. <\/p>\n\n\n\n<p class=\"wp-block-paragraph\">Por su parte la licenciada dijo : &#8220;Con mucho orgullo y compromiso, hoy he formalizado mi solicitud de registro como aspirante a la candidatura a la presidencia municipal de Atzacan, abanderada por el Partido del Trabajo para encabezar un proyecto de unidad&#8221;.<\/p>\n","protected":false},"excerpt":{"rendered":"<p>Atzacan, Ver. (Reporte272). La tarde de este s\u00e1bado la licenciada Margarita Dur\u00e1n Alc\u00e1ntara acudi\u00f3 al Consejo Municipal del OPLE acompa\u00f1ada del l\u00edder estatal del PT Vicente Aguilar Aguilar para solicitar su registro como candidata del Partido del Trabajo a la presidencia Municipal de Atzacan ante decenas de simpatizantes y militantes. Aguilar Aguilar hizo el llamado [&hellip;]<\/p>\n","protected":false},"author":2,"featured_media":4491,"comment_status":"open","ping_status":"open","sticky":false,"template":"","format":"standard","meta":{"rop_custom_images_group":[],"rop_custom_messages_group":[],"rop_publish_now":"initial","rop_publish_now_accounts":{"facebook_2001103103558832_108675811699976":""},"rop_publish_now_history":[],"rop_publish_now_status":"pending","footnotes":""},"categories":[5],"tags":[],"class_list":["post-4490","post","type-post","status-publish","format-standard","has-post-thumbnail","hentry","category-local"],"_links":{"self":[{"href":"https:\/\/reporte272.com\/portal\/wp-json\/wp\/v2\/posts\/4490","targetHints":{"allow":["GET"]}}],"collection":[{"href":"https:\/\/reporte272.com\/portal\/wp-json\/wp\/v2\/posts"}],"about":[{"href":"https:\/\/reporte272.com\/portal\/wp-json\/wp\/v2\/types\/post"}],"author":[{"embeddable":true,"href":"https:\/\/reporte272.com\/portal\/wp-json\/wp\/v2\/users\/2"}],"replies":[{"embeddable":true,"href":"https:\/\/reporte272.com\/portal\/wp-json\/wp\/v2\/comments?post=4490"}],"version-history":[{"count":2,"href":"https:\/\/reporte272.com\/portal\/wp-json\/wp\/v2\/posts\/4490\/revisions"}],"predecessor-version":[{"id":4494,"href":"https:\/\/reporte272.com\/portal\/wp-json\/wp\/v2\/posts\/4490\/revisions\/4494"}],"wp:featuredmedia":[{"embeddable":true,"href":"https:\/\/reporte272.com\/portal\/wp-json\/wp\/v2\/media\/4491"}],"wp:attachment":[{"href":"https:\/\/reporte272.com\/portal\/wp-json\/wp\/v2\/media?parent=4490"}],"wp:term":[{"taxonomy":"category","embeddable":true,"href":"https:\/\/reporte272.com\/portal\/wp-json\/wp\/v2\/categories?post=4490"},{"taxonomy":"post_tag","embeddable":true,"href":"https:\/\/reporte272.com\/portal\/wp-json\/wp\/v2\/tags?post=4490"}],"curies":[{"name":"wp","href":"https:\/\/api.w.org\/{rel}","templated":true}]}}