{"id":4495,"date":"2025-03-30T04:23:30","date_gmt":"2025-03-30T04:23:30","guid":{"rendered":"https:\/\/reporte272.com\/portal\/?p=4495"},"modified":"2025-03-30T04:23:31","modified_gmt":"2025-03-30T04:23:31","slug":"crean-conciencia-sobre-trastornos-mentales","status":"publish","type":"post","link":"https:\/\/reporte272.com\/portal\/crean-conciencia-sobre-trastornos-mentales\/","title":{"rendered":"Crean conciencia sobre trastornos mentales"},"content":{"rendered":"\n<p class=\"wp-block-paragraph\">**Principalmente sobre las afectaciones y su compartamiento en el entorno individual y familiar<\/p>\n\n\n\n<p class=\"wp-block-paragraph\"><strong>La Perla, Veracruz. (Reporte272). \u2013 <\/strong>Con la finalidad de hacer conciencia sobre las afectaciones de la depresi\u00f3n y ansiedad; trastornos m\u00e1s frecuentes que pueden estar relacionados, es que se llev\u00f3 a cabo en las instalaciones del Centro de Atenci\u00f3n Integral y Deportivo (CAID), la conferencia &#8216;Sentirnos bien, para estar bien&#8217;, impartida por Ada Marcela Gonz\u00e1lez.<\/p>\n\n\n\n<p class=\"wp-block-paragraph\">En entrevista dijo que gracias a la sensibilidad de la alcaldesa Ruth Garc\u00eda Meza en apoyar a la familia, a la ni\u00f1ez y la mujer tuvo a bien impartir la citada conferencia debido a que estas condiciones la mayor parte de poblaci\u00f3n la padece; de ah\u00ed la importancia de saber que tanto afecta el comportamiento individual y el entorno familiar ya que se ve afectado en la parte emocional, mental y f\u00edsica.<br>Marcela Gonz\u00e1lez refiere que se han dado casos en j\u00f3venes y mujeres que derivaron en suicidios, divorcios y crisis familiar. Adem\u00e1s, la depresi\u00f3n y la ansiedad est\u00e1 impactando la seguridad en los ni\u00f1os pues tener una mam\u00e1 o pap\u00e1 que no tienen ganas de salir, sin tolerancia o que pierden su trabajo generan estr\u00e9s dentro de los hogares.<br>Destac\u00f3 que esta doble problem\u00e1tica se presenta en mujeres y j\u00f3venes, y creci\u00f3 desde la pandemia, pues tuvieron poca atenci\u00f3n por no asistir a la escuela, sin convivencia, tuvieron un bloqueo en su desarrollo humano, est\u00e1n temerosos, inciertos al futuro pues nada les parece o les interesa.<br>&#8220;Los s\u00edntomas: tenemos j\u00f3venes que no quieren hacer nada, que tienen desvelo, que no quieren comer o comen en exceso, que no quieren salir, que nada les interesa. Perdieron un sentido de vida. No me interesa estudiar nada, no s\u00e9 qu\u00e9 quiero hacer. No s\u00e9 si me quiero casar. No s\u00e9 nada&#8221;, precis\u00f3., agregando que el celular tiene mucho que ver generando incertidumbre en ellos pues no se sienten a gusto con sus vidas.<br>Por su parte, la presidenta municipal de La Perla Ruth Garc\u00eda Meza, dijo que, es prioridad tocar dichos temas y las mujeres deben estar fortalecidas por ser el pilar del hogar.<\/p>\n","protected":false},"excerpt":{"rendered":"<p>**Principalmente sobre las afectaciones y su compartamiento en el entorno individual y familiar La Perla, Veracruz. (Reporte272). \u2013 Con la finalidad de hacer conciencia sobre las afectaciones de la depresi\u00f3n y ansiedad; trastornos m\u00e1s frecuentes que pueden estar relacionados, es que se llev\u00f3 a cabo en las instalaciones del Centro de Atenci\u00f3n Integral y Deportivo [&hellip;]<\/p>\n","protected":false},"author":2,"featured_media":4496,"comment_status":"open","ping_status":"open","sticky":false,"template":"","format":"standard","meta":{"rop_custom_images_group":[],"rop_custom_messages_group":[],"rop_publish_now":"initial","rop_publish_now_accounts":{"facebook_2001103103558832_108675811699976":""},"rop_publish_now_history":[],"rop_publish_now_status":"pending","footnotes":""},"categories":[5],"tags":[],"class_list":["post-4495","post","type-post","status-publish","format-standard","has-post-thumbnail","hentry","category-local"],"_links":{"self":[{"href":"https:\/\/reporte272.com\/portal\/wp-json\/wp\/v2\/posts\/4495","targetHints":{"allow":["GET"]}}],"collection":[{"href":"https:\/\/reporte272.com\/portal\/wp-json\/wp\/v2\/posts"}],"about":[{"href":"https:\/\/reporte272.com\/portal\/wp-json\/wp\/v2\/types\/post"}],"author":[{"embeddable":true,"href":"https:\/\/reporte272.com\/portal\/wp-json\/wp\/v2\/users\/2"}],"replies":[{"embeddable":true,"href":"https:\/\/reporte272.com\/portal\/wp-json\/wp\/v2\/comments?post=4495"}],"version-history":[{"count":1,"href":"https:\/\/reporte272.com\/portal\/wp-json\/wp\/v2\/posts\/4495\/revisions"}],"predecessor-version":[{"id":4497,"href":"https:\/\/reporte272.com\/portal\/wp-json\/wp\/v2\/posts\/4495\/revisions\/4497"}],"wp:featuredmedia":[{"embeddable":true,"href":"https:\/\/reporte272.com\/portal\/wp-json\/wp\/v2\/media\/4496"}],"wp:attachment":[{"href":"https:\/\/reporte272.com\/portal\/wp-json\/wp\/v2\/media?parent=4495"}],"wp:term":[{"taxonomy":"category","embeddable":true,"href":"https:\/\/reporte272.com\/portal\/wp-json\/wp\/v2\/categories?post=4495"},{"taxonomy":"post_tag","embeddable":true,"href":"https:\/\/reporte272.com\/portal\/wp-json\/wp\/v2\/tags?post=4495"}],"curies":[{"name":"wp","href":"https:\/\/api.w.org\/{rel}","templated":true}]}}