{"id":4509,"date":"2025-03-31T00:08:17","date_gmt":"2025-03-31T00:08:17","guid":{"rendered":"https:\/\/reporte272.com\/portal\/?p=4509"},"modified":"2025-03-31T00:08:18","modified_gmt":"2025-03-31T00:08:18","slug":"jose-manuel-gonzalez-se-registra-ante-el-ople-como-candidato-del-pt-a-la-alcaldia-de-ixhuatlancillo","status":"publish","type":"post","link":"https:\/\/reporte272.com\/portal\/jose-manuel-gonzalez-se-registra-ante-el-ople-como-candidato-del-pt-a-la-alcaldia-de-ixhuatlancillo\/","title":{"rendered":"Jos\u00e9 Manuel Gonz\u00e1lez se registra ante el OPLE como candidato del PT a la alcald\u00eda de Ixhuatlancillo"},"content":{"rendered":"\n<p class=\"wp-block-paragraph\"><strong>Ixhuatlancillo, Veracruz. (Reporte272). &#8211; <\/strong>La tarde de este domingo despu\u00e9s de una caminata, el ciudadano Jos\u00e9 Manuel Gonz\u00e1lez, se registr\u00f3 ante el Consejo Municipal del OPLE como candidato a la presidencia Municipal de Ixhuatlancillo por el Partido del Trabajo. <\/p>\n\n\n\n<p class=\"wp-block-paragraph\">En una multitudinaria caravana que inici\u00f3 en la entrada del municipio, Manuel Gonz\u00e1lez se hizo acompa\u00f1ar de la coordinadora de mujeres regional maestra Luz del Carmen Hern\u00e1ndez Casco, as\u00ed como del coordinador de la ejecutiva estatal del Partido del Trabajo Eduardo Galindo Garcia, del subcoordinador distrital de Orizaba Joed Galindo Figueroa.<\/p>\n\n\n\n<p class=\"wp-block-paragraph\">El consejero presidente del OPLE en Ixhuatlancillo Abdias Martinez Alberto formaliz\u00f3 su registro del ciudadano Jos\u00e9 Manuel Gonz\u00e1lez, y este a su vez agradeci\u00f3 el recibimiento.<\/p>\n\n\n\n<p class=\"wp-block-paragraph\">  <\/p>\n\n\n\n<p class=\"wp-block-paragraph\"> <\/p>\n\n\n\n<p class=\"wp-block-paragraph\"><\/p>\n","protected":false},"excerpt":{"rendered":"<p>Ixhuatlancillo, Veracruz. (Reporte272). &#8211; La tarde de este domingo despu\u00e9s de una caminata, el ciudadano Jos\u00e9 Manuel Gonz\u00e1lez, se registr\u00f3 ante el Consejo Municipal del OPLE como candidato a la presidencia Municipal de Ixhuatlancillo por el Partido del Trabajo. En una multitudinaria caravana que inici\u00f3 en la entrada del municipio, Manuel Gonz\u00e1lez se hizo acompa\u00f1ar [&hellip;]<\/p>\n","protected":false},"author":2,"featured_media":4510,"comment_status":"open","ping_status":"open","sticky":false,"template":"","format":"standard","meta":{"rop_custom_images_group":[],"rop_custom_messages_group":[],"rop_publish_now":"initial","rop_publish_now_accounts":{"facebook_2001103103558832_108675811699976":""},"rop_publish_now_history":[],"rop_publish_now_status":"pending","footnotes":""},"categories":[5],"tags":[],"class_list":["post-4509","post","type-post","status-publish","format-standard","has-post-thumbnail","hentry","category-local"],"_links":{"self":[{"href":"https:\/\/reporte272.com\/portal\/wp-json\/wp\/v2\/posts\/4509","targetHints":{"allow":["GET"]}}],"collection":[{"href":"https:\/\/reporte272.com\/portal\/wp-json\/wp\/v2\/posts"}],"about":[{"href":"https:\/\/reporte272.com\/portal\/wp-json\/wp\/v2\/types\/post"}],"author":[{"embeddable":true,"href":"https:\/\/reporte272.com\/portal\/wp-json\/wp\/v2\/users\/2"}],"replies":[{"embeddable":true,"href":"https:\/\/reporte272.com\/portal\/wp-json\/wp\/v2\/comments?post=4509"}],"version-history":[{"count":1,"href":"https:\/\/reporte272.com\/portal\/wp-json\/wp\/v2\/posts\/4509\/revisions"}],"predecessor-version":[{"id":4511,"href":"https:\/\/reporte272.com\/portal\/wp-json\/wp\/v2\/posts\/4509\/revisions\/4511"}],"wp:featuredmedia":[{"embeddable":true,"href":"https:\/\/reporte272.com\/portal\/wp-json\/wp\/v2\/media\/4510"}],"wp:attachment":[{"href":"https:\/\/reporte272.com\/portal\/wp-json\/wp\/v2\/media?parent=4509"}],"wp:term":[{"taxonomy":"category","embeddable":true,"href":"https:\/\/reporte272.com\/portal\/wp-json\/wp\/v2\/categories?post=4509"},{"taxonomy":"post_tag","embeddable":true,"href":"https:\/\/reporte272.com\/portal\/wp-json\/wp\/v2\/tags?post=4509"}],"curies":[{"name":"wp","href":"https:\/\/api.w.org\/{rel}","templated":true}]}}