{"id":4515,"date":"2025-03-31T02:00:21","date_gmt":"2025-03-31T02:00:21","guid":{"rendered":"https:\/\/reporte272.com\/portal\/?p=4515"},"modified":"2025-03-31T02:00:23","modified_gmt":"2025-03-31T02:00:23","slug":"cierre-parcial-de-circulacion-por-accidente-en-la-autopista-puebla-orizaba","status":"publish","type":"post","link":"https:\/\/reporte272.com\/portal\/cierre-parcial-de-circulacion-por-accidente-en-la-autopista-puebla-orizaba\/","title":{"rendered":"Cierre parcial de circulaci\u00f3n por accidente en la autopista Puebla &#8211; Orizaba"},"content":{"rendered":"\n<p class=\"wp-block-paragraph\"><strong>Maltrata, Ver.  (Reporte272). &#8211; <\/strong>Un choque por alcance entre dos tr\u00e1ileres se registr\u00f3 en la autopista Puebla &#8211; Orizaba direcci\u00f3n Veracruz a la altura del carril de alta, kil\u00f3metro 227 aproximadamente antes de la zona de t\u00faneles.<\/p>\n\n\n\n<p class=\"wp-block-paragraph\">Se registra carga vehicular intensa derivado de las maniobras de retiro de unidades accidentadas a la altura del kil\u00f3metro 241, antes del tr\u00e9bol de Maltrata.<\/p>\n","protected":false},"excerpt":{"rendered":"<p>Maltrata, Ver. (Reporte272). &#8211; Un choque por alcance entre dos tr\u00e1ileres se registr\u00f3 en la autopista Puebla &#8211; Orizaba direcci\u00f3n Veracruz a la altura del carril de alta, kil\u00f3metro 227 aproximadamente antes de la zona de t\u00faneles. Se registra carga vehicular intensa derivado de las maniobras de retiro de unidades accidentadas a la altura del [&hellip;]<\/p>\n","protected":false},"author":2,"featured_media":4516,"comment_status":"open","ping_status":"open","sticky":false,"template":"","format":"standard","meta":{"rop_custom_images_group":[],"rop_custom_messages_group":[],"rop_publish_now":"initial","rop_publish_now_accounts":{"facebook_2001103103558832_108675811699976":""},"rop_publish_now_history":[],"rop_publish_now_status":"pending","footnotes":""},"categories":[9],"tags":[],"class_list":["post-4515","post","type-post","status-publish","format-standard","has-post-thumbnail","hentry","category-policiaca"],"_links":{"self":[{"href":"https:\/\/reporte272.com\/portal\/wp-json\/wp\/v2\/posts\/4515","targetHints":{"allow":["GET"]}}],"collection":[{"href":"https:\/\/reporte272.com\/portal\/wp-json\/wp\/v2\/posts"}],"about":[{"href":"https:\/\/reporte272.com\/portal\/wp-json\/wp\/v2\/types\/post"}],"author":[{"embeddable":true,"href":"https:\/\/reporte272.com\/portal\/wp-json\/wp\/v2\/users\/2"}],"replies":[{"embeddable":true,"href":"https:\/\/reporte272.com\/portal\/wp-json\/wp\/v2\/comments?post=4515"}],"version-history":[{"count":1,"href":"https:\/\/reporte272.com\/portal\/wp-json\/wp\/v2\/posts\/4515\/revisions"}],"predecessor-version":[{"id":4517,"href":"https:\/\/reporte272.com\/portal\/wp-json\/wp\/v2\/posts\/4515\/revisions\/4517"}],"wp:featuredmedia":[{"embeddable":true,"href":"https:\/\/reporte272.com\/portal\/wp-json\/wp\/v2\/media\/4516"}],"wp:attachment":[{"href":"https:\/\/reporte272.com\/portal\/wp-json\/wp\/v2\/media?parent=4515"}],"wp:term":[{"taxonomy":"category","embeddable":true,"href":"https:\/\/reporte272.com\/portal\/wp-json\/wp\/v2\/categories?post=4515"},{"taxonomy":"post_tag","embeddable":true,"href":"https:\/\/reporte272.com\/portal\/wp-json\/wp\/v2\/tags?post=4515"}],"curies":[{"name":"wp","href":"https:\/\/api.w.org\/{rel}","templated":true}]}}