{"id":4518,"date":"2025-03-31T02:25:15","date_gmt":"2025-03-31T02:25:15","guid":{"rendered":"https:\/\/reporte272.com\/portal\/?p=4518"},"modified":"2025-03-31T02:36:21","modified_gmt":"2025-03-31T02:36:21","slug":"4518-2","status":"publish","type":"post","link":"https:\/\/reporte272.com\/portal\/4518-2\/","title":{"rendered":"Se desploma helic\u00f3ptero, en Fort\u00edn"},"content":{"rendered":"\n<p class=\"wp-block-paragraph\">**Se presume que la aeronave es del empresario Jos\u00e9 Abella<\/p>\n\n\n\n<p class=\"wp-block-paragraph\"><strong>Fortin, Veracruz. (Reporte272). &#8211; <\/strong>Un helic\u00f3ptero se desplom\u00f3 cerca de puente Blanco en Fort\u00edn de las Flores, presuntamente por una falla mec\u00e1nica que present\u00f3 durante el vuelo; trasciende que el piloto y los ocupantes saltaron de la aeronave para ponerse a salvo. <\/p>\n\n\n\n<p class=\"wp-block-paragraph\">Trasciende que la aeronave con matr\u00edcula N511VA se impact\u00f3 alrededor de las 20:00 horas; trabajadores del campo dieron aviso a las autoridades tras escuchar un fuerte estruendo y observar la ca\u00edda de la aeronave entre los ca\u00f1averales.<\/p>\n\n\n\n<p class=\"wp-block-paragraph\">Al lugar arribaron oficiales de la SSP&#8230;.informaci\u00f3n en proceso <\/p>\n","protected":false},"excerpt":{"rendered":"<p>**Se presume que la aeronave es del empresario Jos\u00e9 Abella Fortin, Veracruz. (Reporte272). &#8211; Un helic\u00f3ptero se desplom\u00f3 cerca de puente Blanco en Fort\u00edn de las Flores, presuntamente por una falla mec\u00e1nica que present\u00f3 durante el vuelo; trasciende que el piloto y los ocupantes saltaron de la aeronave para ponerse a salvo. Trasciende que la [&hellip;]<\/p>\n","protected":false},"author":2,"featured_media":4519,"comment_status":"open","ping_status":"open","sticky":false,"template":"","format":"standard","meta":{"rop_custom_images_group":[],"rop_custom_messages_group":[],"rop_publish_now":"initial","rop_publish_now_accounts":{"facebook_2001103103558832_108675811699976":""},"rop_publish_now_history":[],"rop_publish_now_status":"pending","footnotes":""},"categories":[6,9],"tags":[],"class_list":["post-4518","post","type-post","status-publish","format-standard","has-post-thumbnail","hentry","category-estatal","category-policiaca"],"_links":{"self":[{"href":"https:\/\/reporte272.com\/portal\/wp-json\/wp\/v2\/posts\/4518","targetHints":{"allow":["GET"]}}],"collection":[{"href":"https:\/\/reporte272.com\/portal\/wp-json\/wp\/v2\/posts"}],"about":[{"href":"https:\/\/reporte272.com\/portal\/wp-json\/wp\/v2\/types\/post"}],"author":[{"embeddable":true,"href":"https:\/\/reporte272.com\/portal\/wp-json\/wp\/v2\/users\/2"}],"replies":[{"embeddable":true,"href":"https:\/\/reporte272.com\/portal\/wp-json\/wp\/v2\/comments?post=4518"}],"version-history":[{"count":3,"href":"https:\/\/reporte272.com\/portal\/wp-json\/wp\/v2\/posts\/4518\/revisions"}],"predecessor-version":[{"id":4523,"href":"https:\/\/reporte272.com\/portal\/wp-json\/wp\/v2\/posts\/4518\/revisions\/4523"}],"wp:featuredmedia":[{"embeddable":true,"href":"https:\/\/reporte272.com\/portal\/wp-json\/wp\/v2\/media\/4519"}],"wp:attachment":[{"href":"https:\/\/reporte272.com\/portal\/wp-json\/wp\/v2\/media?parent=4518"}],"wp:term":[{"taxonomy":"category","embeddable":true,"href":"https:\/\/reporte272.com\/portal\/wp-json\/wp\/v2\/categories?post=4518"},{"taxonomy":"post_tag","embeddable":true,"href":"https:\/\/reporte272.com\/portal\/wp-json\/wp\/v2\/tags?post=4518"}],"curies":[{"name":"wp","href":"https:\/\/api.w.org\/{rel}","templated":true}]}}