{"id":4525,"date":"2025-03-31T03:56:24","date_gmt":"2025-03-31T03:56:24","guid":{"rendered":"https:\/\/reporte272.com\/portal\/?p=4525"},"modified":"2025-03-31T03:56:25","modified_gmt":"2025-03-31T03:56:25","slug":"jose-abella-y-su-acompanante-sanos-y-salvos","status":"publish","type":"post","link":"https:\/\/reporte272.com\/portal\/jose-abella-y-su-acompanante-sanos-y-salvos\/","title":{"rendered":"Jos\u00e9 Abella y su acompa\u00f1ante sanos y salvos"},"content":{"rendered":"\n<p class=\"wp-block-paragraph\"><strong>Fortin, Ver., <\/strong>domingo 30 de marzo de 2025.- El Gobierno de Veracruz atiende la ca\u00edda de un helic\u00f3ptero registrada esta noche a la altura de la barranca ubicada entre las localidades de Puente Blanco y Monte Blanco.<\/p>\n\n\n\n<p class=\"wp-block-paragraph\">Los dos \u00fanicos tripulantes, uno de ellos, el empresario Jos\u00e9 Abella Garcia, con quien las autoridades ya tuvieron comunicaci\u00f3n, salvaron la vida.<\/p>\n\n\n\n<p class=\"wp-block-paragraph\">La Secretar\u00eda de Seguridad P\u00fablica confirm\u00f3 que ambos se encuentran ilesos, \u00fanicamente presentan algunas contusiones, sin embargo su estado de salud es \u00f3ptimo.<\/p>\n\n\n\n<p class=\"wp-block-paragraph\">El propio Jos\u00e9 Abella, quien tripulaba la unidad, confirm\u00f3 a la SSP que por fortuna, tanto \u00e9l como su copiloto, lograron salir con bien de este incidente..<\/p>\n","protected":false},"excerpt":{"rendered":"<p>Fortin, Ver., domingo 30 de marzo de 2025.- El Gobierno de Veracruz atiende la ca\u00edda de un helic\u00f3ptero registrada esta noche a la altura de la barranca ubicada entre las localidades de Puente Blanco y Monte Blanco. Los dos \u00fanicos tripulantes, uno de ellos, el empresario Jos\u00e9 Abella Garcia, con quien las autoridades ya tuvieron [&hellip;]<\/p>\n","protected":false},"author":2,"featured_media":4526,"comment_status":"open","ping_status":"open","sticky":false,"template":"","format":"standard","meta":{"rop_custom_images_group":[],"rop_custom_messages_group":[],"rop_publish_now":"initial","rop_publish_now_accounts":{"facebook_2001103103558832_108675811699976":""},"rop_publish_now_history":[],"rop_publish_now_status":"pending","footnotes":""},"categories":[6,9],"tags":[],"class_list":["post-4525","post","type-post","status-publish","format-standard","has-post-thumbnail","hentry","category-estatal","category-policiaca"],"_links":{"self":[{"href":"https:\/\/reporte272.com\/portal\/wp-json\/wp\/v2\/posts\/4525","targetHints":{"allow":["GET"]}}],"collection":[{"href":"https:\/\/reporte272.com\/portal\/wp-json\/wp\/v2\/posts"}],"about":[{"href":"https:\/\/reporte272.com\/portal\/wp-json\/wp\/v2\/types\/post"}],"author":[{"embeddable":true,"href":"https:\/\/reporte272.com\/portal\/wp-json\/wp\/v2\/users\/2"}],"replies":[{"embeddable":true,"href":"https:\/\/reporte272.com\/portal\/wp-json\/wp\/v2\/comments?post=4525"}],"version-history":[{"count":1,"href":"https:\/\/reporte272.com\/portal\/wp-json\/wp\/v2\/posts\/4525\/revisions"}],"predecessor-version":[{"id":4527,"href":"https:\/\/reporte272.com\/portal\/wp-json\/wp\/v2\/posts\/4525\/revisions\/4527"}],"wp:featuredmedia":[{"embeddable":true,"href":"https:\/\/reporte272.com\/portal\/wp-json\/wp\/v2\/media\/4526"}],"wp:attachment":[{"href":"https:\/\/reporte272.com\/portal\/wp-json\/wp\/v2\/media?parent=4525"}],"wp:term":[{"taxonomy":"category","embeddable":true,"href":"https:\/\/reporte272.com\/portal\/wp-json\/wp\/v2\/categories?post=4525"},{"taxonomy":"post_tag","embeddable":true,"href":"https:\/\/reporte272.com\/portal\/wp-json\/wp\/v2\/tags?post=4525"}],"curies":[{"name":"wp","href":"https:\/\/api.w.org\/{rel}","templated":true}]}}