{"id":4528,"date":"2025-03-31T05:09:21","date_gmt":"2025-03-31T05:09:21","guid":{"rendered":"https:\/\/reporte272.com\/portal\/?p=4528"},"modified":"2025-03-31T05:11:42","modified_gmt":"2025-03-31T05:11:42","slug":"dan-ultimo-adios-a-la-pequena-alondra","status":"publish","type":"post","link":"https:\/\/reporte272.com\/portal\/dan-ultimo-adios-a-la-pequena-alondra\/","title":{"rendered":"Dan \u00faltimo adi\u00f3s a la peque\u00f1a Alondra"},"content":{"rendered":"\n<p class=\"wp-block-paragraph\"><strong>C\u00f3rdoba, Ver. (Reporte272 \/ Ixio Loaiza). &#8211;<\/strong> Familiares, amigos y ni\u00f1os, este d\u00eda dieron el \u00faltimo adios a la peque\u00f1a Alondra Yamileth &#8220;N&#8221;, de 7 a\u00f1os, con una misa de cuerpo presente en la Iglesia de San Matias Los Mangos, del municipio de C\u00f3rdoba.<\/p>\n\n\n\n<p class=\"wp-block-paragraph\">La peque\u00f1a falleci\u00f3 durante la noche del 27 de marzo del presente, a causa de la golpiza que le propino su padrastro Rub\u00e9n de Jes\u00fas \u201cN\u201d, en complicidad de su madre Asela Guadalupe \u201cN\u201d, al interior de su domicilio asentado en la Localidad de San Mat\u00edas los Mangos, del municipio cordob\u00e9s.<\/p>\n\n\n\n<p class=\"wp-block-paragraph\">A la una de la tarde dio inicio la eucarist\u00eda de cuerpo presente, en presencia de decenas de habitantes, familiares, amigos y peque\u00f1os -compa\u00f1eros de escuela-. El sacerdote pidi\u00f3 por el eterno descanso de Alondra Yamileth y pronta resignaci\u00f3n para su familia, por esta irreparable p\u00e9rdida.<\/p>\n\n\n\n<p class=\"wp-block-paragraph\">Tras concluir la eucarist\u00eda, el cortejo f\u00fanebre parti\u00f3 hacia el Pante\u00f3n Ejidal de la Comunidad, donde Alondra Yamileth recibi\u00f3 cristiana sepultura en medio de l\u00e1grimas, aplausos, rezos y cantos cat\u00f3licos.<\/p>\n","protected":false},"excerpt":{"rendered":"<p>C\u00f3rdoba, Ver. (Reporte272 \/ Ixio Loaiza). &#8211; Familiares, amigos y ni\u00f1os, este d\u00eda dieron el \u00faltimo adios a la peque\u00f1a Alondra Yamileth &#8220;N&#8221;, de 7 a\u00f1os, con una misa de cuerpo presente en la Iglesia de San Matias Los Mangos, del municipio de C\u00f3rdoba. La peque\u00f1a falleci\u00f3 durante la noche del 27 de marzo del [&hellip;]<\/p>\n","protected":false},"author":2,"featured_media":4533,"comment_status":"open","ping_status":"open","sticky":false,"template":"","format":"standard","meta":{"rop_custom_images_group":[],"rop_custom_messages_group":[],"rop_publish_now":"initial","rop_publish_now_accounts":{"facebook_2001103103558832_108675811699976":""},"rop_publish_now_history":[],"rop_publish_now_status":"pending","footnotes":""},"categories":[6,10],"tags":[],"class_list":["post-4528","post","type-post","status-publish","format-standard","has-post-thumbnail","hentry","category-estatal","category-portada"],"_links":{"self":[{"href":"https:\/\/reporte272.com\/portal\/wp-json\/wp\/v2\/posts\/4528","targetHints":{"allow":["GET"]}}],"collection":[{"href":"https:\/\/reporte272.com\/portal\/wp-json\/wp\/v2\/posts"}],"about":[{"href":"https:\/\/reporte272.com\/portal\/wp-json\/wp\/v2\/types\/post"}],"author":[{"embeddable":true,"href":"https:\/\/reporte272.com\/portal\/wp-json\/wp\/v2\/users\/2"}],"replies":[{"embeddable":true,"href":"https:\/\/reporte272.com\/portal\/wp-json\/wp\/v2\/comments?post=4528"}],"version-history":[{"count":1,"href":"https:\/\/reporte272.com\/portal\/wp-json\/wp\/v2\/posts\/4528\/revisions"}],"predecessor-version":[{"id":4529,"href":"https:\/\/reporte272.com\/portal\/wp-json\/wp\/v2\/posts\/4528\/revisions\/4529"}],"wp:featuredmedia":[{"embeddable":true,"href":"https:\/\/reporte272.com\/portal\/wp-json\/wp\/v2\/media\/4533"}],"wp:attachment":[{"href":"https:\/\/reporte272.com\/portal\/wp-json\/wp\/v2\/media?parent=4528"}],"wp:term":[{"taxonomy":"category","embeddable":true,"href":"https:\/\/reporte272.com\/portal\/wp-json\/wp\/v2\/categories?post=4528"},{"taxonomy":"post_tag","embeddable":true,"href":"https:\/\/reporte272.com\/portal\/wp-json\/wp\/v2\/tags?post=4528"}],"curies":[{"name":"wp","href":"https:\/\/api.w.org\/{rel}","templated":true}]}}