{"id":4534,"date":"2025-03-31T05:16:44","date_gmt":"2025-03-31T05:16:44","guid":{"rendered":"https:\/\/reporte272.com\/portal\/?p=4534"},"modified":"2025-03-31T05:16:45","modified_gmt":"2025-03-31T05:16:45","slug":"persecucion-policial-tras-robo-de-automovil-en-orizaba","status":"publish","type":"post","link":"https:\/\/reporte272.com\/portal\/persecucion-policial-tras-robo-de-automovil-en-orizaba\/","title":{"rendered":"Persecuci\u00f3n policial tras robo de autom\u00f3vil, en Orizaba"},"content":{"rendered":"\n<p class=\"wp-block-paragraph\"><strong>Orizaba, Ver. (Reporte272). &#8211;<\/strong> Un autom\u00f3vil Sed\u00e1n fue recuperado por efectivos de la Policia Municipal de Orizaba sobre la Autopista 150D C\u00f3rdoba &#8211; Puebla, a la altura del Parque Industrial Valle de Orizaba (PIVO), luego de que fue sustra\u00eddo por un ladr\u00f3n en calles de la Colonia Centro.<\/p>\n\n\n\n<p class=\"wp-block-paragraph\">Pese a que el delincuente trat\u00f3 darse la fuga, fue alcanzado y detenido por elementos de la Polic\u00eda Local de Orizaba.<\/p>\n\n\n\n<p class=\"wp-block-paragraph\">Se conoce que, el veh\u00edculo de modelo antiguo marca Nissan Tsuru Sed\u00e1n, de color gris se encontraba estacionado sobre la calle Sur 8.<\/p>\n\n\n\n<p class=\"wp-block-paragraph\">Tras confirmarse el robo, oficiales de la Polic\u00eda Municipal con sus c\u00e1maras de videovigilancia del C5, iniciaron su b\u00fasqueda cuando abandonaba la ciudad por el libramiento de Jalapilla, por lo que r\u00e1pidamente le dieron el alcance y le marcaron el alto al conductor.<\/p>\n\n\n\n<p class=\"wp-block-paragraph\">El chofer identificado como Alexis N. N., de 58 a\u00f1os de edad, abandon\u00f3 la unidad y se cruz\u00f3 la autopista a pie, intentando darse a la fuga con rumbo incierto, pero fue alcanzado y detenido; durante las pr\u00f3ximas horas ser\u00e1 puesto a disposici\u00f3n de las autoridades de la fiscal\u00eda regional de Justicia del 15 Distrito con sede en Orizaba para los delitos que le resulten.<\/p>\n","protected":false},"excerpt":{"rendered":"<p>Orizaba, Ver. (Reporte272). &#8211; Un autom\u00f3vil Sed\u00e1n fue recuperado por efectivos de la Policia Municipal de Orizaba sobre la Autopista 150D C\u00f3rdoba &#8211; Puebla, a la altura del Parque Industrial Valle de Orizaba (PIVO), luego de que fue sustra\u00eddo por un ladr\u00f3n en calles de la Colonia Centro. Pese a que el delincuente trat\u00f3 darse [&hellip;]<\/p>\n","protected":false},"author":2,"featured_media":4530,"comment_status":"open","ping_status":"open","sticky":false,"template":"","format":"standard","meta":{"rop_custom_images_group":[],"rop_custom_messages_group":[],"rop_publish_now":"initial","rop_publish_now_accounts":{"facebook_2001103103558832_108675811699976":""},"rop_publish_now_history":[],"rop_publish_now_status":"pending","footnotes":""},"categories":[9],"tags":[],"class_list":["post-4534","post","type-post","status-publish","format-standard","has-post-thumbnail","hentry","category-policiaca"],"_links":{"self":[{"href":"https:\/\/reporte272.com\/portal\/wp-json\/wp\/v2\/posts\/4534","targetHints":{"allow":["GET"]}}],"collection":[{"href":"https:\/\/reporte272.com\/portal\/wp-json\/wp\/v2\/posts"}],"about":[{"href":"https:\/\/reporte272.com\/portal\/wp-json\/wp\/v2\/types\/post"}],"author":[{"embeddable":true,"href":"https:\/\/reporte272.com\/portal\/wp-json\/wp\/v2\/users\/2"}],"replies":[{"embeddable":true,"href":"https:\/\/reporte272.com\/portal\/wp-json\/wp\/v2\/comments?post=4534"}],"version-history":[{"count":1,"href":"https:\/\/reporte272.com\/portal\/wp-json\/wp\/v2\/posts\/4534\/revisions"}],"predecessor-version":[{"id":4535,"href":"https:\/\/reporte272.com\/portal\/wp-json\/wp\/v2\/posts\/4534\/revisions\/4535"}],"wp:featuredmedia":[{"embeddable":true,"href":"https:\/\/reporte272.com\/portal\/wp-json\/wp\/v2\/media\/4530"}],"wp:attachment":[{"href":"https:\/\/reporte272.com\/portal\/wp-json\/wp\/v2\/media?parent=4534"}],"wp:term":[{"taxonomy":"category","embeddable":true,"href":"https:\/\/reporte272.com\/portal\/wp-json\/wp\/v2\/categories?post=4534"},{"taxonomy":"post_tag","embeddable":true,"href":"https:\/\/reporte272.com\/portal\/wp-json\/wp\/v2\/tags?post=4534"}],"curies":[{"name":"wp","href":"https:\/\/api.w.org\/{rel}","templated":true}]}}