{"id":4536,"date":"2025-03-31T05:21:05","date_gmt":"2025-03-31T05:21:05","guid":{"rendered":"https:\/\/reporte272.com\/portal\/?p=4536"},"modified":"2025-03-31T05:21:06","modified_gmt":"2025-03-31T05:21:06","slug":"ejecutan-a-hombre-en-amatlan-de-los-reyes","status":"publish","type":"post","link":"https:\/\/reporte272.com\/portal\/ejecutan-a-hombre-en-amatlan-de-los-reyes\/","title":{"rendered":"Ejecutan a hombre\u00a0en\u00a0Amatl\u00e1n\u00a0de\u00a0Los\u00a0Reyes"},"content":{"rendered":"\n<p class=\"wp-block-paragraph\"><strong>Amatl\u00e1n de Los Reyes, Ver. (Reporte272).-<\/strong> Una inmediata movilizaci\u00f3n de cuerpos policiales de los tres \u00f3rdenes de Gobierno y de autoridades de la fiscal\u00eda regional Zona Centro-C\u00f3rdoba se gener\u00f3 tras el hallazgo de un hombre con visibles huellas de violencia y torturado, privado de la vida por disparos de arma de fuego y abandonado sobre un camino de terracer\u00eda de la Localidad Manuel Le\u00f3n del municipio de Amatl\u00e1n de Los Reyes.<\/p>\n\n\n\n<p class=\"wp-block-paragraph\">El finado de 25 a\u00f1os de edad, de ocupaci\u00f3n comerciante y con domicilio en la misma Localidad tambi\u00e9n conocida como San Jos\u00e9 de Gracia, del municipio de Amatl\u00e1n, en vida se llam\u00f3: Hector Misael Mu\u00f1oz Amayo.<\/p>\n\n\n\n<p class=\"wp-block-paragraph\">Alrededor de las cero horas de este domingo, una llamada an\u00f3nima a los n\u00fameros de emergencias alert\u00f3 a las autoridades sobre el hallazgo de una persona sin vida en un camino de terracer\u00eda de la localidad antes se\u00f1alada, justo en la parte trasera del corral\u00f3n de veh\u00edculos.<\/p>\n\n\n\n<p class=\"wp-block-paragraph\">Al sitio llegaron r\u00e1pidamente elementos de la Polic\u00eda Municipal y Estatal, as\u00ed como efectivos de la Secretar\u00eda de la Defensa Nacional (SEDENA), quienes confirmaron el macabro hallazgo y procedieron a resguardar y acordonar la escena del crimen, de acuerdo al protocolo de cadena de custodia.<\/p>\n\n\n\n<p class=\"wp-block-paragraph\">Al lugar llegaron autoridades de la Fiscal\u00eda de C\u00f3rdoba con Peritos en Criminal\u00edstica y Detectives Ministeriales, quienes tomaron conocimiento y efectuaron el levantamiento del cuerpo, no sin antes realizar las diligencias pertinentes e iniciar una carpeta de investigaci\u00f3n.<\/p>\n\n\n\n<p class=\"wp-block-paragraph\">El cadaver fue enviado al SEMEFO Regional del Ejido San Miguelito, de C\u00f3rdoba, para los tr\u00e1mites pertinentes de ley.<\/p>\n","protected":false},"excerpt":{"rendered":"<p>Amatl\u00e1n de Los Reyes, Ver. (Reporte272).- Una inmediata movilizaci\u00f3n de cuerpos policiales de los tres \u00f3rdenes de Gobierno y de autoridades de la fiscal\u00eda regional Zona Centro-C\u00f3rdoba se gener\u00f3 tras el hallazgo de un hombre con visibles huellas de violencia y torturado, privado de la vida por disparos de arma de fuego y abandonado sobre [&hellip;]<\/p>\n","protected":false},"author":2,"featured_media":4532,"comment_status":"open","ping_status":"open","sticky":false,"template":"","format":"standard","meta":{"rop_custom_images_group":[],"rop_custom_messages_group":[],"rop_publish_now":"initial","rop_publish_now_accounts":{"facebook_2001103103558832_108675811699976":""},"rop_publish_now_history":[],"rop_publish_now_status":"pending","footnotes":""},"categories":[9],"tags":[],"class_list":["post-4536","post","type-post","status-publish","format-standard","has-post-thumbnail","hentry","category-policiaca"],"_links":{"self":[{"href":"https:\/\/reporte272.com\/portal\/wp-json\/wp\/v2\/posts\/4536","targetHints":{"allow":["GET"]}}],"collection":[{"href":"https:\/\/reporte272.com\/portal\/wp-json\/wp\/v2\/posts"}],"about":[{"href":"https:\/\/reporte272.com\/portal\/wp-json\/wp\/v2\/types\/post"}],"author":[{"embeddable":true,"href":"https:\/\/reporte272.com\/portal\/wp-json\/wp\/v2\/users\/2"}],"replies":[{"embeddable":true,"href":"https:\/\/reporte272.com\/portal\/wp-json\/wp\/v2\/comments?post=4536"}],"version-history":[{"count":1,"href":"https:\/\/reporte272.com\/portal\/wp-json\/wp\/v2\/posts\/4536\/revisions"}],"predecessor-version":[{"id":4537,"href":"https:\/\/reporte272.com\/portal\/wp-json\/wp\/v2\/posts\/4536\/revisions\/4537"}],"wp:featuredmedia":[{"embeddable":true,"href":"https:\/\/reporte272.com\/portal\/wp-json\/wp\/v2\/media\/4532"}],"wp:attachment":[{"href":"https:\/\/reporte272.com\/portal\/wp-json\/wp\/v2\/media?parent=4536"}],"wp:term":[{"taxonomy":"category","embeddable":true,"href":"https:\/\/reporte272.com\/portal\/wp-json\/wp\/v2\/categories?post=4536"},{"taxonomy":"post_tag","embeddable":true,"href":"https:\/\/reporte272.com\/portal\/wp-json\/wp\/v2\/tags?post=4536"}],"curies":[{"name":"wp","href":"https:\/\/api.w.org\/{rel}","templated":true}]}}