{"id":4543,"date":"2025-03-31T21:06:16","date_gmt":"2025-03-31T21:06:16","guid":{"rendered":"https:\/\/reporte272.com\/portal\/?p=4543"},"modified":"2025-03-31T21:06:17","modified_gmt":"2025-03-31T21:06:17","slug":"de-la-magdalena-contreras-el-conductor-de-camioneta-arrastrada-por-trailer-en-las-cumbres-de-maltrata","status":"publish","type":"post","link":"https:\/\/reporte272.com\/portal\/de-la-magdalena-contreras-el-conductor-de-camioneta-arrastrada-por-trailer-en-las-cumbres-de-maltrata\/","title":{"rendered":"De la Magdalena Contreras, el conductor de camioneta arrastrada por tr\u00e1iler en las cumbres de Maltrata"},"content":{"rendered":"\n<p class=\"wp-block-paragraph\"><strong>Orizaba, Veracruz. (Reporte272 \/ Ixio Loaiza). &#8211; <\/strong>Como Cristian &#8220;N&#8221;, de 30 a\u00f1os, de ocupaci\u00f3n conductor y comerciante con domicilio en la alcald\u00eda La Magdalena Contreras de la Ciudad de M\u00e9xico, fue formalmente identificado el conductor de una camioneta pickup que perdi\u00f3 la vida luego de que su veh\u00edculo fue impactado y arrastrado por un tr\u00e1iler doble remolque cuando descend\u00eda las cumbres de Maltrata en la Autopista 150D Puebla- Orizaba.<\/p>\n\n\n\n<p class=\"wp-block-paragraph\">Su esposa pidi\u00f3 la devoluci\u00f3n del cuerpo para su traslado, velaci\u00f3n y sagrada sepultura en su tierra natal, una vez que realiz\u00f3 la identificaci\u00f3n oficial y entreg\u00f3 la documentaci\u00f3n necesaria y pertinente ante las autoridades de la Fiscal\u00eda y del SEMEFO en Orizaba.<\/p>\n\n\n\n<p class=\"wp-block-paragraph\">La comisar\u00eda de Detectives de la Polic\u00eda Ministerial Acreditable mantiene abierta una carpeta de investigaci\u00f3n con el firme prop\u00f3sito de esclarecer este fatal accidente y de existir responsables llevarlos ante la justicia.<\/p>\n\n\n\n<p class=\"wp-block-paragraph\">Cabe mencionar que, el acompa\u00f1ante de Cristian, un joven de identidad desconocida contin\u00faa hospitalizado en un sanatorio particular del municipio de Orizaba, en d\u00f3nde se debate entre la vida y la muerte, pues su estado de salud es reportado como grave.<\/p>\n","protected":false},"excerpt":{"rendered":"<p>Orizaba, Veracruz. (Reporte272 \/ Ixio Loaiza). &#8211; Como Cristian &#8220;N&#8221;, de 30 a\u00f1os, de ocupaci\u00f3n conductor y comerciante con domicilio en la alcald\u00eda La Magdalena Contreras de la Ciudad de M\u00e9xico, fue formalmente identificado el conductor de una camioneta pickup que perdi\u00f3 la vida luego de que su veh\u00edculo fue impactado y arrastrado por un [&hellip;]<\/p>\n","protected":false},"author":2,"featured_media":4544,"comment_status":"open","ping_status":"open","sticky":false,"template":"","format":"standard","meta":{"rop_custom_images_group":[],"rop_custom_messages_group":[],"rop_publish_now":"initial","rop_publish_now_accounts":{"facebook_2001103103558832_108675811699976":""},"rop_publish_now_history":[],"rop_publish_now_status":"pending","footnotes":""},"categories":[9],"tags":[],"class_list":["post-4543","post","type-post","status-publish","format-standard","has-post-thumbnail","hentry","category-policiaca"],"_links":{"self":[{"href":"https:\/\/reporte272.com\/portal\/wp-json\/wp\/v2\/posts\/4543","targetHints":{"allow":["GET"]}}],"collection":[{"href":"https:\/\/reporte272.com\/portal\/wp-json\/wp\/v2\/posts"}],"about":[{"href":"https:\/\/reporte272.com\/portal\/wp-json\/wp\/v2\/types\/post"}],"author":[{"embeddable":true,"href":"https:\/\/reporte272.com\/portal\/wp-json\/wp\/v2\/users\/2"}],"replies":[{"embeddable":true,"href":"https:\/\/reporte272.com\/portal\/wp-json\/wp\/v2\/comments?post=4543"}],"version-history":[{"count":1,"href":"https:\/\/reporte272.com\/portal\/wp-json\/wp\/v2\/posts\/4543\/revisions"}],"predecessor-version":[{"id":4545,"href":"https:\/\/reporte272.com\/portal\/wp-json\/wp\/v2\/posts\/4543\/revisions\/4545"}],"wp:featuredmedia":[{"embeddable":true,"href":"https:\/\/reporte272.com\/portal\/wp-json\/wp\/v2\/media\/4544"}],"wp:attachment":[{"href":"https:\/\/reporte272.com\/portal\/wp-json\/wp\/v2\/media?parent=4543"}],"wp:term":[{"taxonomy":"category","embeddable":true,"href":"https:\/\/reporte272.com\/portal\/wp-json\/wp\/v2\/categories?post=4543"},{"taxonomy":"post_tag","embeddable":true,"href":"https:\/\/reporte272.com\/portal\/wp-json\/wp\/v2\/tags?post=4543"}],"curies":[{"name":"wp","href":"https:\/\/api.w.org\/{rel}","templated":true}]}}