{"id":4550,"date":"2025-04-03T14:18:39","date_gmt":"2025-04-03T14:18:39","guid":{"rendered":"https:\/\/reporte272.com\/portal\/?p=4550"},"modified":"2025-04-03T14:18:41","modified_gmt":"2025-04-03T14:18:41","slug":"se-registra-ante-el-ople-de-ixtaczoquitlan-jose-luis-cortes","status":"publish","type":"post","link":"https:\/\/reporte272.com\/portal\/se-registra-ante-el-ople-de-ixtaczoquitlan-jose-luis-cortes\/","title":{"rendered":"Se registra ante el OPLE de Ixtaczoquitl\u00e1n Jos\u00e9 Luis Cort\u00e9s"},"content":{"rendered":"\n<p class=\"wp-block-paragraph\"><strong>Ixtaczoquitl\u00e1n, Ver. (Reporte272).- <\/strong>La tarde de este mi\u00e9rcoles Jos\u00e9 Luis Cort\u00e9s Guti\u00e9rrez se registr\u00f3 como candidato a la presidencia Municipal de Ixtaczoquitl\u00e1n por el partido Morena en coalici\u00f3n con el Partido Verde Ecologista de M\u00e9xico (PVEM) ante el Consejo Municipal del Organismo P\u00fablico Local Electoral (OPLE), que preside Hiram Rub\u00e9n Galindo Cabrera.<\/p>\n\n\n\n<p class=\"wp-block-paragraph\">Cort\u00e9s Guti\u00e9rrez sali\u00f3 caminando alrededor de las 16:30 horas de la casa de afiliaci\u00f3n del Morena ubicada <strong>Sur 5 y Oriente 4<\/strong>, pasando por la calle que conduce al Pante\u00f3n Municipal y retornar sobre la Avenida Ruiz Galindo hasta llegar<strong> hasta las oficinas del OPLE<\/strong>, en donde fue recibido por el presidente del organismo colegiado, encabezado por Hiram Rub\u00e9n Galindo Cabrera.<\/p>\n\n\n\n<p class=\"wp-block-paragraph\">Por su parte, el consejero presidente del <strong>OPLE en Ixtaczoquitl\u00e1n<\/strong>,\u00a0Hiram Rub\u00e9n Galindo Cabrera, inform\u00f3 que Jos\u00e9 Luis Cort\u00e9s Guti\u00e9rrez es el segundo candidato en registrarse<strong>\u00a0<\/strong>en este municipio, luego de que <strong>Guadalupe Groth, del Partido del Trabajo, lo hiciera el pasado fin de semana.<\/strong><br>Ante los integrantes del consejo del OPLE se comprometi\u00f3 a seguir promoviendo a la.Cuarta Transformaci\u00f3n y a desempe\u00f1ar un buen papel; al concluir con la presencia de la batucada y m\u00fasica de viento lo acompa\u00f1aron al punto de partida.<br>Ya estando en el lugar agradeci\u00f3 las muestras de afecto de todos los asistentes y asegur\u00f3 que el proselitismo iniciar\u00e1 formalmente el pr\u00f3ximo 29 de abril, a partir de las 00:00 horas en busca de la alcaldia de Ixtaczoquitl\u00e1n.<\/p>\n","protected":false},"excerpt":{"rendered":"<p>Ixtaczoquitl\u00e1n, Ver. (Reporte272).- La tarde de este mi\u00e9rcoles Jos\u00e9 Luis Cort\u00e9s Guti\u00e9rrez se registr\u00f3 como candidato a la presidencia Municipal de Ixtaczoquitl\u00e1n por el partido Morena en coalici\u00f3n con el Partido Verde Ecologista de M\u00e9xico (PVEM) ante el Consejo Municipal del Organismo P\u00fablico Local Electoral (OPLE), que preside Hiram Rub\u00e9n Galindo Cabrera. Cort\u00e9s Guti\u00e9rrez sali\u00f3 [&hellip;]<\/p>\n","protected":false},"author":2,"featured_media":4551,"comment_status":"open","ping_status":"open","sticky":false,"template":"","format":"standard","meta":{"rop_custom_images_group":[],"rop_custom_messages_group":[],"rop_publish_now":"initial","rop_publish_now_accounts":{"facebook_2001103103558832_108675811699976":""},"rop_publish_now_history":[],"rop_publish_now_status":"pending","footnotes":""},"categories":[5],"tags":[],"class_list":["post-4550","post","type-post","status-publish","format-standard","has-post-thumbnail","hentry","category-local"],"_links":{"self":[{"href":"https:\/\/reporte272.com\/portal\/wp-json\/wp\/v2\/posts\/4550","targetHints":{"allow":["GET"]}}],"collection":[{"href":"https:\/\/reporte272.com\/portal\/wp-json\/wp\/v2\/posts"}],"about":[{"href":"https:\/\/reporte272.com\/portal\/wp-json\/wp\/v2\/types\/post"}],"author":[{"embeddable":true,"href":"https:\/\/reporte272.com\/portal\/wp-json\/wp\/v2\/users\/2"}],"replies":[{"embeddable":true,"href":"https:\/\/reporte272.com\/portal\/wp-json\/wp\/v2\/comments?post=4550"}],"version-history":[{"count":1,"href":"https:\/\/reporte272.com\/portal\/wp-json\/wp\/v2\/posts\/4550\/revisions"}],"predecessor-version":[{"id":4552,"href":"https:\/\/reporte272.com\/portal\/wp-json\/wp\/v2\/posts\/4550\/revisions\/4552"}],"wp:featuredmedia":[{"embeddable":true,"href":"https:\/\/reporte272.com\/portal\/wp-json\/wp\/v2\/media\/4551"}],"wp:attachment":[{"href":"https:\/\/reporte272.com\/portal\/wp-json\/wp\/v2\/media?parent=4550"}],"wp:term":[{"taxonomy":"category","embeddable":true,"href":"https:\/\/reporte272.com\/portal\/wp-json\/wp\/v2\/categories?post=4550"},{"taxonomy":"post_tag","embeddable":true,"href":"https:\/\/reporte272.com\/portal\/wp-json\/wp\/v2\/tags?post=4550"}],"curies":[{"name":"wp","href":"https:\/\/api.w.org\/{rel}","templated":true}]}}