{"id":4553,"date":"2025-04-03T14:22:28","date_gmt":"2025-04-03T14:22:28","guid":{"rendered":"https:\/\/reporte272.com\/portal\/?p=4553"},"modified":"2025-04-03T14:22:30","modified_gmt":"2025-04-03T14:22:30","slug":"se-incendia-cerro-ojo-de-agua-en-atzacan","status":"publish","type":"post","link":"https:\/\/reporte272.com\/portal\/se-incendia-cerro-ojo-de-agua-en-atzacan\/","title":{"rendered":"Se incendia cerro &#8216;Ojo de Agua&#8217; en Atzacan"},"content":{"rendered":"\n<p class=\"wp-block-paragraph\">Atzacan, Ver. El cerro de Ojo de agua ubicado en la cabecera Municipal de Atzacan se incendio generando preocupaci\u00f3n entre los habitantes cercanos.<\/p>\n\n\n\n<p class=\"wp-block-paragraph\">Afortunadamente, no se reportan v\u00edctimas. Las autoridades del ayuntamiento entre personal de protecci\u00f3n civil, brigadistas del \u00e1rea de parques y jardines as\u00ed como voluntarios y bomberos de la ciudad de Orizaba participaron en el combate del incendio <img decoding=\"async\" height=\"16\" width=\"16\" alt=\"\ud83e\uddef\" src=\"https:\/\/static.xx.fbcdn.net\/images\/emoji.php\/v9\/tb2\/1\/16\/1f9ef.png\"> forestal.<\/p>\n\n\n\n<p class=\"wp-block-paragraph\">Hasta el momento se desconoce la causa y la afectaci\u00f3n total que consumi\u00f3 el incendio.<\/p>\n\n\n\n<p class=\"wp-block-paragraph\">Piden a la poblaci\u00f3n llamar al 272 72 10000 ante cualquier reporte de incendio forestal para que a la brevedad sea atendido.<\/p>\n","protected":false},"excerpt":{"rendered":"<p>Atzacan, Ver. El cerro de Ojo de agua ubicado en la cabecera Municipal de Atzacan se incendio generando preocupaci\u00f3n entre los habitantes cercanos. Afortunadamente, no se reportan v\u00edctimas. Las autoridades del ayuntamiento entre personal de protecci\u00f3n civil, brigadistas del \u00e1rea de parques y jardines as\u00ed como voluntarios y bomberos de la ciudad de Orizaba participaron [&hellip;]<\/p>\n","protected":false},"author":2,"featured_media":4554,"comment_status":"open","ping_status":"open","sticky":false,"template":"","format":"standard","meta":{"rop_custom_images_group":[],"rop_custom_messages_group":[],"rop_publish_now":"initial","rop_publish_now_accounts":{"facebook_2001103103558832_108675811699976":""},"rop_publish_now_history":[],"rop_publish_now_status":"pending","footnotes":""},"categories":[5,10],"tags":[],"class_list":["post-4553","post","type-post","status-publish","format-standard","has-post-thumbnail","hentry","category-local","category-portada"],"_links":{"self":[{"href":"https:\/\/reporte272.com\/portal\/wp-json\/wp\/v2\/posts\/4553","targetHints":{"allow":["GET"]}}],"collection":[{"href":"https:\/\/reporte272.com\/portal\/wp-json\/wp\/v2\/posts"}],"about":[{"href":"https:\/\/reporte272.com\/portal\/wp-json\/wp\/v2\/types\/post"}],"author":[{"embeddable":true,"href":"https:\/\/reporte272.com\/portal\/wp-json\/wp\/v2\/users\/2"}],"replies":[{"embeddable":true,"href":"https:\/\/reporte272.com\/portal\/wp-json\/wp\/v2\/comments?post=4553"}],"version-history":[{"count":1,"href":"https:\/\/reporte272.com\/portal\/wp-json\/wp\/v2\/posts\/4553\/revisions"}],"predecessor-version":[{"id":4555,"href":"https:\/\/reporte272.com\/portal\/wp-json\/wp\/v2\/posts\/4553\/revisions\/4555"}],"wp:featuredmedia":[{"embeddable":true,"href":"https:\/\/reporte272.com\/portal\/wp-json\/wp\/v2\/media\/4554"}],"wp:attachment":[{"href":"https:\/\/reporte272.com\/portal\/wp-json\/wp\/v2\/media?parent=4553"}],"wp:term":[{"taxonomy":"category","embeddable":true,"href":"https:\/\/reporte272.com\/portal\/wp-json\/wp\/v2\/categories?post=4553"},{"taxonomy":"post_tag","embeddable":true,"href":"https:\/\/reporte272.com\/portal\/wp-json\/wp\/v2\/tags?post=4553"}],"curies":[{"name":"wp","href":"https:\/\/api.w.org\/{rel}","templated":true}]}}