{"id":4573,"date":"2025-04-03T17:00:12","date_gmt":"2025-04-03T17:00:12","guid":{"rendered":"https:\/\/reporte272.com\/portal\/?p=4573"},"modified":"2025-04-03T17:00:13","modified_gmt":"2025-04-03T17:00:13","slug":"uecs-detiene-a-mujer-como-probable-responsable-del-delito-de-secuestro-agravado","status":"publish","type":"post","link":"https:\/\/reporte272.com\/portal\/uecs-detiene-a-mujer-como-probable-responsable-del-delito-de-secuestro-agravado\/","title":{"rendered":"UECS detiene a mujer como probable responsable del delito de secuestro agravado"},"content":{"rendered":"\n<p class=\"wp-block-paragraph\"><strong>C\u00f3rdoba, Ver. (Reporte272).- <\/strong>En cumplimiento de una orden de aprehensi\u00f3n por el presunto delito de secuestro en agravio de dos personas, detectives de la Unidad Especializada en Combate al Secuestro (UECS), lograron la detenci\u00f3n una mujer en calles del municipio de C\u00f3rdoba.<\/p>\n\n\n\n<p class=\"wp-block-paragraph\">La detenida ha sido identificada como: Yaira Lucia \u201cN\u201d y su situaci\u00f3n jur\u00eddica se definir\u00e1 en la pr\u00f3xima audiencia inicial, dentro del proceso penal 8\/2025.<\/p>\n\n\n\n<p class=\"wp-block-paragraph\">Se conoce que, la orden de aprehensi\u00f3n en contra de Yaira Lucia \u201cN\u201d se ejecut\u00f3 durante la noche de ayer mi\u00e9rcoles cuando caminaba sobre la Avenida 27 entre Calles 41 y 43, de la Colonia L\u00f3pez Arias, del municipio de C\u00f3rdoba, luego de que es se\u00f1alada del delito de secuestro en agravio de las v\u00edctimas identificadas con las iniciales N.L.M. e I.M.H.<\/p>\n\n\n\n<p class=\"wp-block-paragraph\">De acuerdo al reporte policial, los hechos acontecieron el pasado 23 de enero del a\u00f1o en curso, cuando las v\u00edctimas salieron de su domicilio en la ciudad de Perote con destino a la Ciudad de Mart\u00ednez de la Torre, con el objetivo de vender su autom\u00f3vil, siendo interceptados por personas armadas quienes probablemente los privaron de la vida.<\/p>\n\n\n\n<p class=\"wp-block-paragraph\">M\u00e1s tarde, una de las v\u00edctimas es liberada para que consiguiera dinero y pagara el rescate, sin embargo al momento de hacerlo, probablemente fue privada de su libertad de nuevo. D\u00edas despu\u00e9s mediante un operativo, las v\u00edctima fueron liberadas y la ahora detenida fue capturada en el lugar.<\/p>\n\n\n\n<p class=\"wp-block-paragraph\">La ahora detenida ser\u00e1 puesta a disposici\u00f3n del Juez de Control y Procedimiento Penal Oral de esta demarcaci\u00f3n judicial, para que se defina su situaci\u00f3n jur\u00eddica en pr\u00f3xima audiencia inicial, dentro del proceso penal antes mencionado.<\/p>\n\n\n\n<p class=\"wp-block-paragraph\">Cabe se\u00f1alar que, en un principio se dijo que Yaira Lucia &#8220;N&#8221;, hab\u00eda sido privada de su libertad por hombres armados, versi\u00f3n que fue descartada por las autoridades policiales y se confirm\u00f3 que fue detenida mediante una orden de aprehensi\u00f3n girada por un Juez.<\/p>\n","protected":false},"excerpt":{"rendered":"<p>C\u00f3rdoba, Ver. (Reporte272).- En cumplimiento de una orden de aprehensi\u00f3n por el presunto delito de secuestro en agravio de dos personas, detectives de la Unidad Especializada en Combate al Secuestro (UECS), lograron la detenci\u00f3n una mujer en calles del municipio de C\u00f3rdoba. La detenida ha sido identificada como: Yaira Lucia \u201cN\u201d y su situaci\u00f3n jur\u00eddica [&hellip;]<\/p>\n","protected":false},"author":2,"featured_media":4574,"comment_status":"open","ping_status":"open","sticky":false,"template":"","format":"standard","meta":{"rop_custom_images_group":[],"rop_custom_messages_group":[],"rop_publish_now":"initial","rop_publish_now_accounts":{"facebook_2001103103558832_108675811699976":""},"rop_publish_now_history":[],"rop_publish_now_status":"pending","footnotes":""},"categories":[9],"tags":[],"class_list":["post-4573","post","type-post","status-publish","format-standard","has-post-thumbnail","hentry","category-policiaca"],"_links":{"self":[{"href":"https:\/\/reporte272.com\/portal\/wp-json\/wp\/v2\/posts\/4573","targetHints":{"allow":["GET"]}}],"collection":[{"href":"https:\/\/reporte272.com\/portal\/wp-json\/wp\/v2\/posts"}],"about":[{"href":"https:\/\/reporte272.com\/portal\/wp-json\/wp\/v2\/types\/post"}],"author":[{"embeddable":true,"href":"https:\/\/reporte272.com\/portal\/wp-json\/wp\/v2\/users\/2"}],"replies":[{"embeddable":true,"href":"https:\/\/reporte272.com\/portal\/wp-json\/wp\/v2\/comments?post=4573"}],"version-history":[{"count":1,"href":"https:\/\/reporte272.com\/portal\/wp-json\/wp\/v2\/posts\/4573\/revisions"}],"predecessor-version":[{"id":4575,"href":"https:\/\/reporte272.com\/portal\/wp-json\/wp\/v2\/posts\/4573\/revisions\/4575"}],"wp:featuredmedia":[{"embeddable":true,"href":"https:\/\/reporte272.com\/portal\/wp-json\/wp\/v2\/media\/4574"}],"wp:attachment":[{"href":"https:\/\/reporte272.com\/portal\/wp-json\/wp\/v2\/media?parent=4573"}],"wp:term":[{"taxonomy":"category","embeddable":true,"href":"https:\/\/reporte272.com\/portal\/wp-json\/wp\/v2\/categories?post=4573"},{"taxonomy":"post_tag","embeddable":true,"href":"https:\/\/reporte272.com\/portal\/wp-json\/wp\/v2\/tags?post=4573"}],"curies":[{"name":"wp","href":"https:\/\/api.w.org\/{rel}","templated":true}]}}