{"id":4577,"date":"2025-04-04T20:21:52","date_gmt":"2025-04-04T20:21:52","guid":{"rendered":"https:\/\/reporte272.com\/portal\/?p=4577"},"modified":"2025-04-04T20:21:53","modified_gmt":"2025-04-04T20:21:53","slug":"eve-ameca-se-registro-ante-el-ople-como-candidata-del-pt-a-la-presidencia-municipal-de-orizaba","status":"publish","type":"post","link":"https:\/\/reporte272.com\/portal\/eve-ameca-se-registro-ante-el-ople-como-candidata-del-pt-a-la-presidencia-municipal-de-orizaba\/","title":{"rendered":"Eve Ameca se registro ante el OPLE como candidata del PT a la presidencia Municipal de Orizaba"},"content":{"rendered":"\n<p class=\"wp-block-paragraph\"><strong>Orizaba, Ver. (Reporte272).- <\/strong>En un ambiente de alegr\u00eda y a ritmo de batucada, est\u00e1 ma\u00f1ana de viernes 4 de abril Evelin Rub\u00ed S\u00e1nchez Ameca formaliz\u00f3 su registro como candidata a la presidencia Municipal de Orizaba por el Partido del Trabajo (PT) ante el Organismo P\u00fablico Local Electoral (OPLE), que preside Jose Ram\u00f3n Ubaldo Olvera.<\/p>\n\n\n\n<p class=\"wp-block-paragraph\">La aspirante estuvo acompa\u00f1ada por el coordinador de la ejecutiva estatal del Partido del Trabajo Eduardo Galindo Garc\u00eda as\u00ed como por simpatizantes, familiares y amigos.<\/p>\n\n\n\n<p class=\"wp-block-paragraph\">Tras su registro Eve Ameca adem\u00e1s de agradecer a quienes la acompa\u00f1aron a su registro hizo el llamado a los dem\u00e1s aspirantes a que haya respeto y hacer lo m\u00e1s limpio posible el proceso y echarle todas las ganas.<\/p>\n\n\n\n<p class=\"wp-block-paragraph\">El organismo colegiado deseo \u00e9xito a la aspirante y que gane la mejor propuesta por el bien de Orizaba.<\/p>\n\n\n\n<p class=\"wp-block-paragraph\">Por su parte simpatizantes manifestaron que su postulaci\u00f3n representa una esperanza para los orizabe\u00f1os debido a la cercan\u00eda que tiene con la ciudadan\u00eda.<\/p>\n","protected":false},"excerpt":{"rendered":"<p>Orizaba, Ver. (Reporte272).- En un ambiente de alegr\u00eda y a ritmo de batucada, est\u00e1 ma\u00f1ana de viernes 4 de abril Evelin Rub\u00ed S\u00e1nchez Ameca formaliz\u00f3 su registro como candidata a la presidencia Municipal de Orizaba por el Partido del Trabajo (PT) ante el Organismo P\u00fablico Local Electoral (OPLE), que preside Jose Ram\u00f3n Ubaldo Olvera. La [&hellip;]<\/p>\n","protected":false},"author":2,"featured_media":4578,"comment_status":"open","ping_status":"open","sticky":false,"template":"","format":"standard","meta":{"rop_custom_images_group":[],"rop_custom_messages_group":[],"rop_publish_now":"initial","rop_publish_now_accounts":{"facebook_2001103103558832_108675811699976":""},"rop_publish_now_history":[],"rop_publish_now_status":"pending","footnotes":""},"categories":[5],"tags":[],"class_list":["post-4577","post","type-post","status-publish","format-standard","has-post-thumbnail","hentry","category-local"],"_links":{"self":[{"href":"https:\/\/reporte272.com\/portal\/wp-json\/wp\/v2\/posts\/4577","targetHints":{"allow":["GET"]}}],"collection":[{"href":"https:\/\/reporte272.com\/portal\/wp-json\/wp\/v2\/posts"}],"about":[{"href":"https:\/\/reporte272.com\/portal\/wp-json\/wp\/v2\/types\/post"}],"author":[{"embeddable":true,"href":"https:\/\/reporte272.com\/portal\/wp-json\/wp\/v2\/users\/2"}],"replies":[{"embeddable":true,"href":"https:\/\/reporte272.com\/portal\/wp-json\/wp\/v2\/comments?post=4577"}],"version-history":[{"count":1,"href":"https:\/\/reporte272.com\/portal\/wp-json\/wp\/v2\/posts\/4577\/revisions"}],"predecessor-version":[{"id":4579,"href":"https:\/\/reporte272.com\/portal\/wp-json\/wp\/v2\/posts\/4577\/revisions\/4579"}],"wp:featuredmedia":[{"embeddable":true,"href":"https:\/\/reporte272.com\/portal\/wp-json\/wp\/v2\/media\/4578"}],"wp:attachment":[{"href":"https:\/\/reporte272.com\/portal\/wp-json\/wp\/v2\/media?parent=4577"}],"wp:term":[{"taxonomy":"category","embeddable":true,"href":"https:\/\/reporte272.com\/portal\/wp-json\/wp\/v2\/categories?post=4577"},{"taxonomy":"post_tag","embeddable":true,"href":"https:\/\/reporte272.com\/portal\/wp-json\/wp\/v2\/tags?post=4577"}],"curies":[{"name":"wp","href":"https:\/\/api.w.org\/{rel}","templated":true}]}}