{"id":4584,"date":"2025-04-04T21:01:12","date_gmt":"2025-04-04T21:01:12","guid":{"rendered":"https:\/\/reporte272.com\/portal\/?p=4584"},"modified":"2025-04-04T21:03:42","modified_gmt":"2025-04-04T21:03:42","slug":"asume-nuevo-comandante-de-la-26-a-zona-militar-en-veracruz","status":"publish","type":"post","link":"https:\/\/reporte272.com\/portal\/asume-nuevo-comandante-de-la-26-a-zona-militar-en-veracruz\/","title":{"rendered":"Asume nuevo Comandante de la 26\/a. Zona Militar en Veracruz"},"content":{"rendered":"\n<p class=\"wp-block-paragraph\"><strong>El Lencero, Ver., a 4 de abril de 2025.- <\/strong>En las instalaciones del 63\/o. Batall\u00f3n de Infanter\u00eda se llev\u00f3 a cabo la ceremonia de Toma de Protesta, Posesi\u00f3n al Cargo y Protesta de Bandera del Ciudadano General de Brigada de Estado Mayor Miguel Angel Rodr\u00edguez Guti\u00e9rrez, como Comandante de la 26\/a. Zona Militar.<\/p>\n\n\n\n<p class=\"wp-block-paragraph\">La Secretar\u00eda de la Defensa Nacional establece una pol\u00edtica de rotaci\u00f3n de cargos en forma peri\u00f3dica, permitiendo adquirir experiencia en las \u00e1reas operativa y administrativa, siendo facultad del Alto Mando administrar los recursos humanos para el cumplimiento de las misiones generales del Ej\u00e9rcito y Fuerza A\u00e9rea Mexicanos.<\/p>\n\n\n\n<p class=\"wp-block-paragraph\">En esta ceremonia de control con la presencia de la Ingeniera Roc\u00edo Nahle Garc\u00eda, Gobernadora del estado de Veracruz, Licenciado Ricardo Ahued Bardahuil, Secretario de Gobierno del estado de Veracruz, Almirante C.G. diplomado de Estado Mayor Carlos Eduardo L&#8217;Eglise Escamilla, Comandante de la I Regi\u00f3n Naval, General de Brigada de Estado Mayor H\u00e9ctor \u00c1vila Alcocer Comandante interino de la VI Regi\u00f3n Militar, General Brigadier Estado Mayor Ivan Navarrete Torres, Coordinador Estatal de la Guardia Nacional, Contralmirante Infanter\u00eda de Marina Diplomado de Estado Mayor Alfonso Reyes Garc\u00e9s, Secretario de Seguridad P\u00fablica del estado de Veracruz y autoridades integrantes de la Mesa de Coordinaci\u00f3n Estatal para la Construcci\u00f3n de la Paz de Veracruz.<\/p>\n\n\n\n<p class=\"wp-block-paragraph\">Este nombramiento permitir\u00e1 a la 26\/a. Zona Militar continuar cumpliendo con cada una de las misiones asignadas a esta Dependencia, uniendo esfuerzos y voluntades siempre en beneficio del pueblo de M\u00e9xico, en coordinaci\u00f3n con los tres \u00f3rdenes de gobierno y con absoluto apego a los derechos humanos, sum\u00e1ndose con esto a las actividades que actualmente realiza el personal militar y de la Guardia Nacional de todo el pa\u00eds, en la salvaguarda y bienestar de la Naci\u00f3n.<\/p>\n","protected":false},"excerpt":{"rendered":"<p>El Lencero, Ver., a 4 de abril de 2025.- En las instalaciones del 63\/o. Batall\u00f3n de Infanter\u00eda se llev\u00f3 a cabo la ceremonia de Toma de Protesta, Posesi\u00f3n al Cargo y Protesta de Bandera del Ciudadano General de Brigada de Estado Mayor Miguel Angel Rodr\u00edguez Guti\u00e9rrez, como Comandante de la 26\/a. Zona Militar. La Secretar\u00eda [&hellip;]<\/p>\n","protected":false},"author":2,"featured_media":4586,"comment_status":"open","ping_status":"open","sticky":false,"template":"","format":"standard","meta":{"rop_custom_images_group":[],"rop_custom_messages_group":[],"rop_publish_now":"initial","rop_publish_now_accounts":{"facebook_2001103103558832_108675811699976":""},"rop_publish_now_history":[],"rop_publish_now_status":"pending","footnotes":""},"categories":[6,10],"tags":[],"class_list":["post-4584","post","type-post","status-publish","format-standard","has-post-thumbnail","hentry","category-estatal","category-portada"],"_links":{"self":[{"href":"https:\/\/reporte272.com\/portal\/wp-json\/wp\/v2\/posts\/4584","targetHints":{"allow":["GET"]}}],"collection":[{"href":"https:\/\/reporte272.com\/portal\/wp-json\/wp\/v2\/posts"}],"about":[{"href":"https:\/\/reporte272.com\/portal\/wp-json\/wp\/v2\/types\/post"}],"author":[{"embeddable":true,"href":"https:\/\/reporte272.com\/portal\/wp-json\/wp\/v2\/users\/2"}],"replies":[{"embeddable":true,"href":"https:\/\/reporte272.com\/portal\/wp-json\/wp\/v2\/comments?post=4584"}],"version-history":[{"count":1,"href":"https:\/\/reporte272.com\/portal\/wp-json\/wp\/v2\/posts\/4584\/revisions"}],"predecessor-version":[{"id":4585,"href":"https:\/\/reporte272.com\/portal\/wp-json\/wp\/v2\/posts\/4584\/revisions\/4585"}],"wp:featuredmedia":[{"embeddable":true,"href":"https:\/\/reporte272.com\/portal\/wp-json\/wp\/v2\/media\/4586"}],"wp:attachment":[{"href":"https:\/\/reporte272.com\/portal\/wp-json\/wp\/v2\/media?parent=4584"}],"wp:term":[{"taxonomy":"category","embeddable":true,"href":"https:\/\/reporte272.com\/portal\/wp-json\/wp\/v2\/categories?post=4584"},{"taxonomy":"post_tag","embeddable":true,"href":"https:\/\/reporte272.com\/portal\/wp-json\/wp\/v2\/tags?post=4584"}],"curies":[{"name":"wp","href":"https:\/\/api.w.org\/{rel}","templated":true}]}}