{"id":4591,"date":"2025-04-05T06:42:33","date_gmt":"2025-04-05T06:42:33","guid":{"rendered":"https:\/\/reporte272.com\/portal\/?p=4591"},"modified":"2025-04-05T07:53:20","modified_gmt":"2025-04-05T07:53:20","slug":"igor-fidel-roji-lopez-se-registra-como-candidato-de-la-coalicion-morena-pvem-en-orizaba","status":"publish","type":"post","link":"https:\/\/reporte272.com\/portal\/igor-fidel-roji-lopez-se-registra-como-candidato-de-la-coalicion-morena-pvem-en-orizaba\/","title":{"rendered":"Igor Fidel Roji L\u00f3pez se registra como candidato de la coalici\u00f3n MORENA-PVEM, en Orizaba"},"content":{"rendered":"\n<p class=\"wp-block-paragraph\">**Pidi\u00f3 que se respeten los gastos de campa\u00f1a y cumplir la Ley Electoral.<\/p>\n\n\n\n<p class=\"wp-block-paragraph\"><strong>Orizaba, Ver. (Reporte272). &#8211;<\/strong> La tarde de este viernes 4 de abril, Igor Fidel Roji L\u00f3pez formaliz\u00f3 su registr\u00f3 como candidato de la coalici\u00f3n MORENA &#8211; PVEM a la presidencia Municipal de Orizaba ante el Organismo P\u00fablico Local Electoral (OPLE) de Orizaba. <\/p>\n\n\n\n<p class=\"wp-block-paragraph\">Durante el acto protocolario, estuvo acompa\u00f1ado por su familia, militantes y simpatizantes del Movimiento de Regeneraci\u00f3n Nacional y del Partido Verde Ecologista de M\u00e9xico. <\/p>\n\n\n\n<p class=\"wp-block-paragraph\">El presidente del Consejo Municipal Josue Ram\u00f3n Ubaldo Olvera fue el encargado de recibir la documentaci\u00f3n que acredita a Roji L\u00f3pez como candidato a la alcald\u00eda de Orizaba.<\/p>\n\n\n\n<p class=\"wp-block-paragraph\">El ex-alcalde de Orizaba adelant\u00f3 que su suplente es Marco Antonio Rodr\u00edguez Acosta, la S\u00edndica ser\u00e1 Adriana Z\u00e1rate y su suplente Silvia Guerrero, en lo posterior dar\u00e1 a conocer al resto de la planilla.<\/p>\n\n\n\n<p class=\"wp-block-paragraph\">Dijo que espera una contienda apegada a la ley, sobre todo apegada a los topes de gastos de campa\u00f1a, &#8220;hoy saben que se aprobaron 680 mil pesos como l\u00edmite de gastos de campa\u00f1a eso es fundamental que se cumpla&#8221;. <\/p>\n\n\n\n<p class=\"wp-block-paragraph\">&#8220;Ustedes ha visto como ha estado la situaci\u00f3n en los \u00faltimos tres a\u00f1os en Orizaba y creemos que vamos a tener una contienda dif\u00edcil pero no imposible. La gente nos respalda y el apoyo de muchos ciudadanos nos motiva a seguir&#8221;, manifest\u00f3 Roji L\u00f3pez. <\/p>\n\n\n\n<p class=\"wp-block-paragraph\">Cabe hacer menci\u00f3n que Igor Roji estuvo acompa\u00f1ado adem\u00e1s de militantes y simpatizantes, de la diputada local Nallely Camarillo, suplente del diputado Igor, del empresario transportista Carlos Castelan, as\u00ed como el tambi\u00e9n empresario Alejandro Zairick.<\/p>\n\n\n\n<p class=\"wp-block-paragraph\"><\/p>\n\n\n\n<p class=\"wp-block-paragraph\"><\/p>\n\n\n\n<p class=\"wp-block-paragraph\"><\/p>\n","protected":false},"excerpt":{"rendered":"<p>**Pidi\u00f3 que se respeten los gastos de campa\u00f1a y cumplir la Ley Electoral. Orizaba, Ver. (Reporte272). &#8211; La tarde de este viernes 4 de abril, Igor Fidel Roji L\u00f3pez formaliz\u00f3 su registr\u00f3 como candidato de la coalici\u00f3n MORENA &#8211; PVEM a la presidencia Municipal de Orizaba ante el Organismo P\u00fablico Local Electoral (OPLE) de Orizaba. [&hellip;]<\/p>\n","protected":false},"author":2,"featured_media":4592,"comment_status":"open","ping_status":"open","sticky":false,"template":"","format":"standard","meta":{"rop_custom_images_group":[],"rop_custom_messages_group":[],"rop_publish_now":"initial","rop_publish_now_accounts":{"facebook_2001103103558832_108675811699976":""},"rop_publish_now_history":[],"rop_publish_now_status":"pending","footnotes":""},"categories":[5,10],"tags":[],"class_list":["post-4591","post","type-post","status-publish","format-standard","has-post-thumbnail","hentry","category-local","category-portada"],"_links":{"self":[{"href":"https:\/\/reporte272.com\/portal\/wp-json\/wp\/v2\/posts\/4591","targetHints":{"allow":["GET"]}}],"collection":[{"href":"https:\/\/reporte272.com\/portal\/wp-json\/wp\/v2\/posts"}],"about":[{"href":"https:\/\/reporte272.com\/portal\/wp-json\/wp\/v2\/types\/post"}],"author":[{"embeddable":true,"href":"https:\/\/reporte272.com\/portal\/wp-json\/wp\/v2\/users\/2"}],"replies":[{"embeddable":true,"href":"https:\/\/reporte272.com\/portal\/wp-json\/wp\/v2\/comments?post=4591"}],"version-history":[{"count":2,"href":"https:\/\/reporte272.com\/portal\/wp-json\/wp\/v2\/posts\/4591\/revisions"}],"predecessor-version":[{"id":4599,"href":"https:\/\/reporte272.com\/portal\/wp-json\/wp\/v2\/posts\/4591\/revisions\/4599"}],"wp:featuredmedia":[{"embeddable":true,"href":"https:\/\/reporte272.com\/portal\/wp-json\/wp\/v2\/media\/4592"}],"wp:attachment":[{"href":"https:\/\/reporte272.com\/portal\/wp-json\/wp\/v2\/media?parent=4591"}],"wp:term":[{"taxonomy":"category","embeddable":true,"href":"https:\/\/reporte272.com\/portal\/wp-json\/wp\/v2\/categories?post=4591"},{"taxonomy":"post_tag","embeddable":true,"href":"https:\/\/reporte272.com\/portal\/wp-json\/wp\/v2\/tags?post=4591"}],"curies":[{"name":"wp","href":"https:\/\/api.w.org\/{rel}","templated":true}]}}