{"id":4603,"date":"2025-04-05T14:26:26","date_gmt":"2025-04-05T14:26:26","guid":{"rendered":"https:\/\/reporte272.com\/portal\/?p=4603"},"modified":"2025-04-05T14:26:27","modified_gmt":"2025-04-05T14:26:27","slug":"avisoespecial-por-frente-frio-surada-ola-de-calor-norte","status":"publish","type":"post","link":"https:\/\/reporte272.com\/portal\/avisoespecial-por-frente-frio-surada-ola-de-calor-norte\/","title":{"rendered":"AvisoEspecial por Frente fr\u00edo-Surada-Ola de calor-Norte."},"content":{"rendered":"\n<p class=\"wp-block-paragraph\"><strong>Xalapa, Ver., 5 de abril de 2025. &#8211;<\/strong> hoy s\u00e1bado 5 de abril, la baja presi\u00f3n del frente fr\u00edo 37 mantendr\u00e1 el viento dominante del Suroeste, Sur y Sureste en superficie sobre la vertiente oriental del pa\u00eds con Surada moderada a fuerte en zonas de Veracruz, donde persistir\u00e1 la Ola de Calor. Adem\u00e1s, se sigue pronosticando que el frente fr\u00edo 37, el cual ha estado semiestacionado en el sur de los Estados Unidos, y su masa fr\u00eda recorran el estado de Veracruz ma\u00f1ana domingo 6, aumentando el potencial de lluvias y tormentas, generando evento de Norte fuerte a violento y provocando la disminuci\u00f3n de la temperatura, dando por CONCLUIDA la Ola de Calor. Extreme las precauciones pertinentes.<\/p>\n\n\n\n<p class=\"wp-block-paragraph\">Recomendaciones:<br>*No se exponga a periodos prolongados al sol<br>*Mantenerse hidratado.<br>*Evite acciones que desarrollen incendios forestales, de pastizales y de basureros.<br>*Ante posibles destechamientos, ca\u00edda de \u00e1rboles u otros objetos.<br>*Interrupci\u00f3n de servicios estrat\u00e9gicos.<br>*Oleaje elevado.<br>*Haga uso eficiente del agua.<br>*Poner especial atenci\u00f3n a personas mayores, infantes y mascotas.<\/p>\n","protected":false},"excerpt":{"rendered":"<p>Xalapa, Ver., 5 de abril de 2025. &#8211; hoy s\u00e1bado 5 de abril, la baja presi\u00f3n del frente fr\u00edo 37 mantendr\u00e1 el viento dominante del Suroeste, Sur y Sureste en superficie sobre la vertiente oriental del pa\u00eds con Surada moderada a fuerte en zonas de Veracruz, donde persistir\u00e1 la Ola de Calor. Adem\u00e1s, se sigue [&hellip;]<\/p>\n","protected":false},"author":2,"featured_media":4604,"comment_status":"open","ping_status":"open","sticky":false,"template":"","format":"standard","meta":{"rop_custom_images_group":[],"rop_custom_messages_group":[],"rop_publish_now":"initial","rop_publish_now_accounts":{"facebook_2001103103558832_108675811699976":""},"rop_publish_now_history":[],"rop_publish_now_status":"pending","footnotes":""},"categories":[6,5],"tags":[],"class_list":["post-4603","post","type-post","status-publish","format-standard","has-post-thumbnail","hentry","category-estatal","category-local"],"_links":{"self":[{"href":"https:\/\/reporte272.com\/portal\/wp-json\/wp\/v2\/posts\/4603","targetHints":{"allow":["GET"]}}],"collection":[{"href":"https:\/\/reporte272.com\/portal\/wp-json\/wp\/v2\/posts"}],"about":[{"href":"https:\/\/reporte272.com\/portal\/wp-json\/wp\/v2\/types\/post"}],"author":[{"embeddable":true,"href":"https:\/\/reporte272.com\/portal\/wp-json\/wp\/v2\/users\/2"}],"replies":[{"embeddable":true,"href":"https:\/\/reporte272.com\/portal\/wp-json\/wp\/v2\/comments?post=4603"}],"version-history":[{"count":1,"href":"https:\/\/reporte272.com\/portal\/wp-json\/wp\/v2\/posts\/4603\/revisions"}],"predecessor-version":[{"id":4605,"href":"https:\/\/reporte272.com\/portal\/wp-json\/wp\/v2\/posts\/4603\/revisions\/4605"}],"wp:featuredmedia":[{"embeddable":true,"href":"https:\/\/reporte272.com\/portal\/wp-json\/wp\/v2\/media\/4604"}],"wp:attachment":[{"href":"https:\/\/reporte272.com\/portal\/wp-json\/wp\/v2\/media?parent=4603"}],"wp:term":[{"taxonomy":"category","embeddable":true,"href":"https:\/\/reporte272.com\/portal\/wp-json\/wp\/v2\/categories?post=4603"},{"taxonomy":"post_tag","embeddable":true,"href":"https:\/\/reporte272.com\/portal\/wp-json\/wp\/v2\/tags?post=4603"}],"curies":[{"name":"wp","href":"https:\/\/api.w.org\/{rel}","templated":true}]}}