{"id":4606,"date":"2025-04-05T14:53:33","date_gmt":"2025-04-05T14:53:33","guid":{"rendered":"https:\/\/reporte272.com\/portal\/?p=4606"},"modified":"2025-04-05T14:53:34","modified_gmt":"2025-04-05T14:53:34","slug":"fatal-accidente-en-la-autopista-cardel-veracruz","status":"publish","type":"post","link":"https:\/\/reporte272.com\/portal\/fatal-accidente-en-la-autopista-cardel-veracruz\/","title":{"rendered":"Fatal accidente en la autopista Cardel &#8211; Veracruz"},"content":{"rendered":"\n<p class=\"wp-block-paragraph\"><strong>Cardel, Veracruz. (Reporte272).-<\/strong> Un automovilista perdi\u00f3 la vida de manera tr\u00e1gica luego de quedar prensado al interior de su vehiculo en una carambola en la autopista Cardel &#8211; Veracruz, en el carril norte-sur.<\/p>\n\n\n\n<p class=\"wp-block-paragraph\">De acuerdo al reporte preliminar, el accidente sobrevino luego de que un trailer diera vuelta en U, sin tomar la debida precauci\u00f3n a la altura del retorno del fraccionamiento Geo Los Pinos donde un autom\u00f3vil marca Nissan tipo Tsuru blanco, modelo atrasado se impact\u00f3 con la pesada unidad y este a su vez <strong>arroll\u00f3 a un motociclista que circulaba por la zona<\/strong>; sin embargo, ya corresponder\u00e1 a las autoridades pertinentes el deslinde de responsabilidades.<\/p>\n\n\n\n<p class=\"wp-block-paragraph\"><\/p>\n","protected":false},"excerpt":{"rendered":"<p>Cardel, Veracruz. (Reporte272).- Un automovilista perdi\u00f3 la vida de manera tr\u00e1gica luego de quedar prensado al interior de su vehiculo en una carambola en la autopista Cardel &#8211; Veracruz, en el carril norte-sur. De acuerdo al reporte preliminar, el accidente sobrevino luego de que un trailer diera vuelta en U, sin tomar la debida precauci\u00f3n [&hellip;]<\/p>\n","protected":false},"author":2,"featured_media":4607,"comment_status":"open","ping_status":"open","sticky":false,"template":"","format":"standard","meta":{"rop_custom_images_group":[],"rop_custom_messages_group":[],"rop_publish_now":"initial","rop_publish_now_accounts":{"facebook_2001103103558832_108675811699976":""},"rop_publish_now_history":[],"rop_publish_now_status":"pending","footnotes":""},"categories":[9],"tags":[],"class_list":["post-4606","post","type-post","status-publish","format-standard","has-post-thumbnail","hentry","category-policiaca"],"_links":{"self":[{"href":"https:\/\/reporte272.com\/portal\/wp-json\/wp\/v2\/posts\/4606","targetHints":{"allow":["GET"]}}],"collection":[{"href":"https:\/\/reporte272.com\/portal\/wp-json\/wp\/v2\/posts"}],"about":[{"href":"https:\/\/reporte272.com\/portal\/wp-json\/wp\/v2\/types\/post"}],"author":[{"embeddable":true,"href":"https:\/\/reporte272.com\/portal\/wp-json\/wp\/v2\/users\/2"}],"replies":[{"embeddable":true,"href":"https:\/\/reporte272.com\/portal\/wp-json\/wp\/v2\/comments?post=4606"}],"version-history":[{"count":1,"href":"https:\/\/reporte272.com\/portal\/wp-json\/wp\/v2\/posts\/4606\/revisions"}],"predecessor-version":[{"id":4608,"href":"https:\/\/reporte272.com\/portal\/wp-json\/wp\/v2\/posts\/4606\/revisions\/4608"}],"wp:featuredmedia":[{"embeddable":true,"href":"https:\/\/reporte272.com\/portal\/wp-json\/wp\/v2\/media\/4607"}],"wp:attachment":[{"href":"https:\/\/reporte272.com\/portal\/wp-json\/wp\/v2\/media?parent=4606"}],"wp:term":[{"taxonomy":"category","embeddable":true,"href":"https:\/\/reporte272.com\/portal\/wp-json\/wp\/v2\/categories?post=4606"},{"taxonomy":"post_tag","embeddable":true,"href":"https:\/\/reporte272.com\/portal\/wp-json\/wp\/v2\/tags?post=4606"}],"curies":[{"name":"wp","href":"https:\/\/api.w.org\/{rel}","templated":true}]}}