{"id":4613,"date":"2025-04-07T04:35:45","date_gmt":"2025-04-07T04:35:45","guid":{"rendered":"https:\/\/reporte272.com\/portal\/?p=4613"},"modified":"2025-04-07T04:35:46","modified_gmt":"2025-04-07T04:35:46","slug":"obispo-encabezara-procesion-de-domingo-de-ramos","status":"publish","type":"post","link":"https:\/\/reporte272.com\/portal\/obispo-encabezara-procesion-de-domingo-de-ramos\/","title":{"rendered":"Obispo encabezar\u00e1 procesi\u00f3n de Domingo de Ramos"},"content":{"rendered":"\n<p class=\"wp-block-paragraph\"><strong>Orizaba, Ver. (Reporte272 \/ Eliseo Morales).-<\/strong> El obispo de Orizaba monse\u00f1or Eduardo Cervantes Merino encabezar\u00e1 la tradicional procesi\u00f3n de Domingo Ramos el pr\u00f3ximo 13 de abril.<\/p>\n\n\n\n<p class=\"wp-block-paragraph\">La procesi\u00f3n con ramos iniciar\u00e1 en la Alameda Central Francisco Gabilondo Soler Cri Cri, a partir de las 11 de la ma\u00f1ana culminando en la Catedral de San Miguel Arc\u00e1ngel para posteriormente celebrar una Eucarist\u00eda<\/p>\n\n\n\n<p class=\"wp-block-paragraph\"><\/p>\n","protected":false},"excerpt":{"rendered":"<p>Orizaba, Ver. (Reporte272 \/ Eliseo Morales).- El obispo de Orizaba monse\u00f1or Eduardo Cervantes Merino encabezar\u00e1 la tradicional procesi\u00f3n de Domingo Ramos el pr\u00f3ximo 13 de abril. La procesi\u00f3n con ramos iniciar\u00e1 en la Alameda Central Francisco Gabilondo Soler Cri Cri, a partir de las 11 de la ma\u00f1ana culminando en la Catedral de San Miguel [&hellip;]<\/p>\n","protected":false},"author":2,"featured_media":4614,"comment_status":"open","ping_status":"open","sticky":false,"template":"","format":"standard","meta":{"rop_custom_images_group":[],"rop_custom_messages_group":[],"rop_publish_now":"initial","rop_publish_now_accounts":{"facebook_2001103103558832_108675811699976":""},"rop_publish_now_history":[],"rop_publish_now_status":"pending","footnotes":""},"categories":[5],"tags":[],"class_list":["post-4613","post","type-post","status-publish","format-standard","has-post-thumbnail","hentry","category-local"],"_links":{"self":[{"href":"https:\/\/reporte272.com\/portal\/wp-json\/wp\/v2\/posts\/4613","targetHints":{"allow":["GET"]}}],"collection":[{"href":"https:\/\/reporte272.com\/portal\/wp-json\/wp\/v2\/posts"}],"about":[{"href":"https:\/\/reporte272.com\/portal\/wp-json\/wp\/v2\/types\/post"}],"author":[{"embeddable":true,"href":"https:\/\/reporte272.com\/portal\/wp-json\/wp\/v2\/users\/2"}],"replies":[{"embeddable":true,"href":"https:\/\/reporte272.com\/portal\/wp-json\/wp\/v2\/comments?post=4613"}],"version-history":[{"count":1,"href":"https:\/\/reporte272.com\/portal\/wp-json\/wp\/v2\/posts\/4613\/revisions"}],"predecessor-version":[{"id":4615,"href":"https:\/\/reporte272.com\/portal\/wp-json\/wp\/v2\/posts\/4613\/revisions\/4615"}],"wp:featuredmedia":[{"embeddable":true,"href":"https:\/\/reporte272.com\/portal\/wp-json\/wp\/v2\/media\/4614"}],"wp:attachment":[{"href":"https:\/\/reporte272.com\/portal\/wp-json\/wp\/v2\/media?parent=4613"}],"wp:term":[{"taxonomy":"category","embeddable":true,"href":"https:\/\/reporte272.com\/portal\/wp-json\/wp\/v2\/categories?post=4613"},{"taxonomy":"post_tag","embeddable":true,"href":"https:\/\/reporte272.com\/portal\/wp-json\/wp\/v2\/tags?post=4613"}],"curies":[{"name":"wp","href":"https:\/\/api.w.org\/{rel}","templated":true}]}}