{"id":4616,"date":"2025-04-07T05:03:23","date_gmt":"2025-04-07T05:03:23","guid":{"rendered":"https:\/\/reporte272.com\/portal\/?p=4616"},"modified":"2025-04-07T05:13:55","modified_gmt":"2025-04-07T05:13:55","slug":"patrulla-de-la-ssp-del-estado-provoca-carambola-en-orizaba","status":"publish","type":"post","link":"https:\/\/reporte272.com\/portal\/patrulla-de-la-ssp-del-estado-provoca-carambola-en-orizaba\/","title":{"rendered":"Patrulla de la SSP del Estado provoca carambola, en Orizaba"},"content":{"rendered":"\n<p class=\"wp-block-paragraph\"><strong>Orizaba, Ver. (Reporte272).- <\/strong>Una patrulla de la Secretaria de Seguridad P\u00fablica del Estado provoc\u00f3  una carambola la noche de este domingo en calles de la colonia Centro de Orizaba, d\u00f3nde \u00fanicamente hubo da\u00f1os materiales. <\/p>\n\n\n\n<p class=\"wp-block-paragraph\">El accidente ocurri\u00f3 en Norte 2 y Oriente 15, cuando la patrulla marcada con el n\u00famero econ\u00f3mico SP-1836 presuntamente era conducida a exceso de velocidad y la falta de pericia del conductor provocaron el accidente al no hacer alto total en el cruce de 1 x 1.<\/p>\n\n\n\n<p class=\"wp-block-paragraph\">La patrulla impact\u00f3 un Honda City en color gris, un Mini Cooper y un Corsa. Los veh\u00edculos fueron trasladados al corral\u00f3n de la colonia Lourdes para el deslinde de responsabilidades.<\/p>\n\n\n\n<p class=\"wp-block-paragraph\">Param\u00e9dicos de Protecci\u00f3n Civil atendieron al oficial de la SSP, quien result\u00f3 policontundido as\u00ed como a dos personas entre ellas un joven de aproximadamente 30 a\u00f1os y un menor de edad, que viajaban en el vehiculo gris. La Polic\u00eda Local y Vial acordonaron la zona del accidente.<\/p>\n\n\n\n<p class=\"wp-block-paragraph\"><\/p>\n","protected":false},"excerpt":{"rendered":"<p>Orizaba, Ver. (Reporte272).- Una patrulla de la Secretaria de Seguridad P\u00fablica del Estado provoc\u00f3 una carambola la noche de este domingo en calles de la colonia Centro de Orizaba, d\u00f3nde \u00fanicamente hubo da\u00f1os materiales. El accidente ocurri\u00f3 en Norte 2 y Oriente 15, cuando la patrulla marcada con el n\u00famero econ\u00f3mico SP-1836 presuntamente era conducida [&hellip;]<\/p>\n","protected":false},"author":2,"featured_media":4617,"comment_status":"open","ping_status":"open","sticky":false,"template":"","format":"standard","meta":{"rop_custom_images_group":[],"rop_custom_messages_group":[],"rop_publish_now":"initial","rop_publish_now_accounts":{"facebook_2001103103558832_108675811699976":""},"rop_publish_now_history":[],"rop_publish_now_status":"pending","footnotes":""},"categories":[9],"tags":[],"class_list":["post-4616","post","type-post","status-publish","format-standard","has-post-thumbnail","hentry","category-policiaca"],"_links":{"self":[{"href":"https:\/\/reporte272.com\/portal\/wp-json\/wp\/v2\/posts\/4616","targetHints":{"allow":["GET"]}}],"collection":[{"href":"https:\/\/reporte272.com\/portal\/wp-json\/wp\/v2\/posts"}],"about":[{"href":"https:\/\/reporte272.com\/portal\/wp-json\/wp\/v2\/types\/post"}],"author":[{"embeddable":true,"href":"https:\/\/reporte272.com\/portal\/wp-json\/wp\/v2\/users\/2"}],"replies":[{"embeddable":true,"href":"https:\/\/reporte272.com\/portal\/wp-json\/wp\/v2\/comments?post=4616"}],"version-history":[{"count":2,"href":"https:\/\/reporte272.com\/portal\/wp-json\/wp\/v2\/posts\/4616\/revisions"}],"predecessor-version":[{"id":4622,"href":"https:\/\/reporte272.com\/portal\/wp-json\/wp\/v2\/posts\/4616\/revisions\/4622"}],"wp:featuredmedia":[{"embeddable":true,"href":"https:\/\/reporte272.com\/portal\/wp-json\/wp\/v2\/media\/4617"}],"wp:attachment":[{"href":"https:\/\/reporte272.com\/portal\/wp-json\/wp\/v2\/media?parent=4616"}],"wp:term":[{"taxonomy":"category","embeddable":true,"href":"https:\/\/reporte272.com\/portal\/wp-json\/wp\/v2\/categories?post=4616"},{"taxonomy":"post_tag","embeddable":true,"href":"https:\/\/reporte272.com\/portal\/wp-json\/wp\/v2\/tags?post=4616"}],"curies":[{"name":"wp","href":"https:\/\/api.w.org\/{rel}","templated":true}]}}