{"id":4623,"date":"2025-04-07T05:26:13","date_gmt":"2025-04-07T05:26:13","guid":{"rendered":"https:\/\/reporte272.com\/portal\/?p=4623"},"modified":"2025-04-07T05:26:14","modified_gmt":"2025-04-07T05:26:14","slug":"autobus-de-la-linea-chyc-choca-por-alcance-en-orizaba","status":"publish","type":"post","link":"https:\/\/reporte272.com\/portal\/autobus-de-la-linea-chyc-choca-por-alcance-en-orizaba\/","title":{"rendered":"Autob\u00fas de la l\u00ednea ChyC choca por alcance, en Orizaba"},"content":{"rendered":"\n<p class=\"wp-block-paragraph\"><strong>Orizaba, Ver. (Reporte272).-<\/strong> El choque por alcance entre un veh\u00edculo  y un autob\u00fas de pasaje urbano de la l\u00ednea Ch\u00f3feres y Cobradores se registr\u00f3 en calles del Barrio de Santa Gertrudis, en la Colonia Centro de Orizaba; dej\u00f3 da\u00f1os materiales.<\/p>\n\n\n\n<p class=\"wp-block-paragraph\">El incidente se present\u00f3 debido a que uno de los conductores no guardo su respectiva distancia entre cada unidad automotora debido al exceso de velocidad en que circulaba sobre la Avenida Oriente 6 esquina Sur 41, en las afueras del Hospital General Regional n\u00famero 1 del IMSS.<\/p>\n\n\n\n<p class=\"wp-block-paragraph\">En el mismo se vio involucrado un autom\u00f3vil compacto hatchback marca Volkswagen Gol, gris plata y con placas de circulaci\u00f3n: YNK613A del Estado de Veracruz, as\u00ed como un autob\u00fas marca Hino, de color blanco con morado, marcado con el n\u00famero econ\u00f3mico 40, propiedad de la empresa Choferes y Cobradores (CHyC) y con ruta Ciudad Mendoza- Escamela, este \u00faltimo presuntamente responsable del choque por alcance.<\/p>\n\n\n\n<p class=\"wp-block-paragraph\">Al sitio llegaron elementos de la Polic\u00eda Local y Vial, as\u00ed como personal de Protecci\u00f3n Civil municipal, los cuales tomaron conocimiento y confirmaron que no hab\u00eda personas lesionadas s\u00f3lo da\u00f1os materiales.<br>Por \u00faltimo efectuaron el retiro de las unidades accidentadas para el deslinde de responsabilidades, adem\u00e1s de restablecer completamente la circulaci\u00f3n vehicular de la Calle Real.<\/p>\n","protected":false},"excerpt":{"rendered":"<p>Orizaba, Ver. (Reporte272).- El choque por alcance entre un veh\u00edculo y un autob\u00fas de pasaje urbano de la l\u00ednea Ch\u00f3feres y Cobradores se registr\u00f3 en calles del Barrio de Santa Gertrudis, en la Colonia Centro de Orizaba; dej\u00f3 da\u00f1os materiales. El incidente se present\u00f3 debido a que uno de los conductores no guardo su respectiva [&hellip;]<\/p>\n","protected":false},"author":2,"featured_media":4624,"comment_status":"open","ping_status":"open","sticky":false,"template":"","format":"standard","meta":{"rop_custom_images_group":[],"rop_custom_messages_group":[],"rop_publish_now":"initial","rop_publish_now_accounts":{"facebook_2001103103558832_108675811699976":""},"rop_publish_now_history":[],"rop_publish_now_status":"pending","footnotes":""},"categories":[9],"tags":[],"class_list":["post-4623","post","type-post","status-publish","format-standard","has-post-thumbnail","hentry","category-policiaca"],"_links":{"self":[{"href":"https:\/\/reporte272.com\/portal\/wp-json\/wp\/v2\/posts\/4623","targetHints":{"allow":["GET"]}}],"collection":[{"href":"https:\/\/reporte272.com\/portal\/wp-json\/wp\/v2\/posts"}],"about":[{"href":"https:\/\/reporte272.com\/portal\/wp-json\/wp\/v2\/types\/post"}],"author":[{"embeddable":true,"href":"https:\/\/reporte272.com\/portal\/wp-json\/wp\/v2\/users\/2"}],"replies":[{"embeddable":true,"href":"https:\/\/reporte272.com\/portal\/wp-json\/wp\/v2\/comments?post=4623"}],"version-history":[{"count":1,"href":"https:\/\/reporte272.com\/portal\/wp-json\/wp\/v2\/posts\/4623\/revisions"}],"predecessor-version":[{"id":4625,"href":"https:\/\/reporte272.com\/portal\/wp-json\/wp\/v2\/posts\/4623\/revisions\/4625"}],"wp:featuredmedia":[{"embeddable":true,"href":"https:\/\/reporte272.com\/portal\/wp-json\/wp\/v2\/media\/4624"}],"wp:attachment":[{"href":"https:\/\/reporte272.com\/portal\/wp-json\/wp\/v2\/media?parent=4623"}],"wp:term":[{"taxonomy":"category","embeddable":true,"href":"https:\/\/reporte272.com\/portal\/wp-json\/wp\/v2\/categories?post=4623"},{"taxonomy":"post_tag","embeddable":true,"href":"https:\/\/reporte272.com\/portal\/wp-json\/wp\/v2\/tags?post=4623"}],"curies":[{"name":"wp","href":"https:\/\/api.w.org\/{rel}","templated":true}]}}