{"id":4629,"date":"2025-04-07T06:16:06","date_gmt":"2025-04-07T06:16:06","guid":{"rendered":"https:\/\/reporte272.com\/portal\/?p=4629"},"modified":"2025-04-07T06:25:56","modified_gmt":"2025-04-07T06:25:56","slug":"columnasinnombre-el-senador-que-no-supera-la-derrota-en-veracruz","status":"publish","type":"post","link":"https:\/\/reporte272.com\/portal\/columnasinnombre-el-senador-que-no-supera-la-derrota-en-veracruz\/","title":{"rendered":"ColumnaSinNombre | EL SENADOR QUE NO SUPERA LA DERROTA EN VERACRUZ"},"content":{"rendered":"\n<p class=\"wp-block-paragraph\">ColumnaSinNombre \/ Las opiniones vertidas en este espacio son responsabilidad de quien las emite <\/p>\n\n\n\n<p class=\"wp-block-paragraph\">@pablojair<\/p>\n\n\n\n<ul class=\"wp-block-list\">\n<li>\u201cHay que sacar a la Suprema Corte de sus oficinas de m\u00e1rmol\u201d: magistrada.<\/li>\n<\/ul>\n\n\n\n<p class=\"wp-block-paragraph\">Abrazote para sensei Bernab\u00e9, por su reconocimiento en Hidalgo<br>\u2014Chopenjawer<\/p>\n\n\n\n<p class=\"wp-block-paragraph\">Esta semana se pudo leer a dos columnistas de peso, muy informados, en el peri\u00f3dico El Universal: Mario Maldonado y Claudio Ochoa Huerta. Ambos hablaron sobre el pesar que ahora tiene el senador Ad\u00e1n Augusto L\u00f3pez Hern\u00e1ndez en su b\u00fasqueda para ser candidato a la Presidencia en 2030, desde su posici\u00f3n privilegiada como el mandam\u00e1s en el Senado.<\/p>\n\n\n\n<p class=\"wp-block-paragraph\">Un peque\u00f1o contexto: en Veracruz, Ad\u00e1n Augusto tuvo como aliados a un grupo de ex pri\u00edstas a\u00f1ejos y ya muy quemados que vieron una oportunidad de regresar por sus fueros en el diputado federal Sergio Guti\u00e9rrez Luna, al tratar de impulsarlo como candidato a la gubernatura y a Ad\u00e1n como candidato a la Presidencia.<\/p>\n\n\n\n<p class=\"wp-block-paragraph\">Pero se toparon con la triste situaci\u00f3n del priato (ya sea el disfrazado de otro color, infiltrado o el militante): no traen la estructura de antes, no tienen dinero, no tienen maquinaria.<\/p>\n\n\n\n<p class=\"wp-block-paragraph\">Por ejemplo, Guti\u00e9rrez Luna es muy amigo de Jorge Wade Z\u00fa\u00f1iga, actual dirigente del sindicato petrolero en Minatitl\u00e1n, mismo que alguna vez control\u00f3 el Comit\u00e9 Municipal del PRI m\u00e1s fuerte de todo el pa\u00eds. En ese tenor, se supon\u00eda que el voto petrolero le hubiese favorecido e incluso lo hubiese puesto casi al borde de convertirse en candidato de Morena a la gubernatura en 2024, en lugar de Roc\u00edo Nahle, pero la realidad lo puso en su lugar: Guti\u00e9rrez Luna estuvo entre los \u00faltimos lugares, superado por Nahle, el actual senador (supuestamente) morenista Manuel Huerta, el ex secretario de Gobierno, Eric Cisneros; entre otros.<\/p>\n\n\n\n<p class=\"wp-block-paragraph\">En ese sentido, Ad\u00e1n Augusto ni siquiera figur\u00f3 en Veracruz.<\/p>\n\n\n\n<p class=\"wp-block-paragraph\">Al pol\u00e9mico presidente de la Junta de Coordinaci\u00f3n Pol\u00edtica en el Senado tambi\u00e9n se le conocen dos aliados fuertes en la entidad y ambos son mencionados por los columnistas de El Universal.<\/p>\n\n\n\n<p class=\"wp-block-paragraph\">El primero es Fernando Padilla, constructor originario de Poza Rica, quien ha tenido grandes contratos con la 4T. Recientemente, al empresario se le ocurri\u00f3 hacer su fiesta de cumplea\u00f1os en la famosa hacienda Zimpizahua, de Coatepec, donde por dos d\u00edas tiraron la casa por la ventana con artistas de la talla de Juli\u00f3n \u00c1lvarez y Grupo Firme. (En la red social X incluso corre una informaci\u00f3n de que se habr\u00edan utilizado helic\u00f3pteros para el traslado de artistas, los cuales aterrizaron en la parte posterior de dicha hacienda).<\/p>\n\n\n\n<p class=\"wp-block-paragraph\">En esa ocasi\u00f3n, los \u201cgutierrezlunistas\u201d aprovecharon para soltar rumores de que Ad\u00e1n se hab\u00eda reunido con la gobernadora Roc\u00edo Nahle, pero la propia mandataria lo desminti\u00f3. Lo que s\u00ed fue cierto es que Ad\u00e1n Augusto se pase\u00f3 en Coatepec y dicen que ven\u00eda muy bien acompa\u00f1ado, al grado de que no permitieron fotos de los invitados a la fiesta.<\/p>\n\n\n\n<p class=\"wp-block-paragraph\">A Fernando Padilla tambi\u00e9n lo se\u00f1alan de ser el patrocinador de la senadora chihuahuense Andrea Ch\u00e1vez (quien quiere ser gobernadora de ese estado), a quien mencionan como una amiga \u00edntima de Don Ad\u00e1n, y eso lo comenta Claudio Ochoa en su columna del 6 de abril.<\/p>\n\n\n\n<p class=\"wp-block-paragraph\">\u201cLa bola de nieve en la que se meti\u00f3 la senadora de Morena, Andrea Ch\u00e1vez, al confesar sus delitos electorales en la radio nacional termin\u00f3 por estrellarse en la figura de su principal promotor, Ad\u00e1n Augusto L\u00f3pez Hern\u00e1ndez. Desde que la chihuahuense acept\u00f3 en el programa de Azucena Uresti que las caravanas m\u00e9dicas que circulan con su imagen eran una donaci\u00f3n de un empresario cercano al tabasque\u00f1o\u201d.<\/p>\n\n\n\n<p class=\"wp-block-paragraph\">Otro empresario mencionado por Claudio Ochoa y ligado a Ad\u00e1n Augusto es Maclovio Y\u00e1\u00f1ez, radicado en Veracruz pero de origen tabasque\u00f1o; en la aldea ha tratado de colocar a su equipo de f\u00fatbol como los pr\u00f3ximos Tiburones Rojos (marca desaparecida por deudas).<\/p>\n\n\n\n<p class=\"wp-block-paragraph\">Maclovio fue tambi\u00e9n de los empresarios que se beneficiaron de contratos federales, especialmente de Petr\u00f3leos Mexicanos.<\/p>\n\n\n\n<p class=\"wp-block-paragraph\">En la columna, el analista detalla: \u201cFuentes al interior de Morena revelan que al t\u00e9rmino de la campa\u00f1a interna por ver qui\u00e9n ser\u00eda el candidato o candidata para la elecci\u00f3n presidencial, al entonces presidente de M\u00e9xico le llam\u00f3 la atenci\u00f3n que quien m\u00e1s gast\u00f3 fue su amigo Ad\u00e1n Augusto. Pidi\u00f3 una investigaci\u00f3n a las \u00e1reas de confianza y desde aquel entonces el resultado arroj\u00f3 nombres comprometedores. El primero de ellos fue el de Fernando Padilla, el financiero de las caravanas m\u00e9dicas de Ch\u00e1vez, pero tambi\u00e9n Maclovio Y\u00e1\u00f1ez, quien se presenta como ahijado pol\u00edtico de Ad\u00e1n, y Luis Huberto Monta\u00f1o, due\u00f1o de la arrendadora \u2018Lumo Financiera del Centro\u2019 y personaje cercano al expresidente Enrique Pe\u00f1a Nieto\u201d.<\/p>\n\n\n\n<p class=\"wp-block-paragraph\">Prosigue: \u201cLos trabajos de inteligencia encontraron que estos nombres formaron una red de trabajos en obra p\u00fablica, facturaci\u00f3n y venta de medicinas que luego concluy\u00f3 en el gasto desmedido de la precampa\u00f1a presidencial de L\u00f3pez Hern\u00e1ndez\u201d.<\/p>\n\n\n\n<p class=\"wp-block-paragraph\">En este sentido, se plantea que estos mismos personajes o algunos de ellos estar\u00edan financiando al ex gobernador de Tabasco para ganar terreno en las elecciones federales de 2027 para renovar la C\u00e1mara de Diputados y continuar con su plan maestro de ser el candidato a la Presidencia en 2030, compitiendo posiblemente contra Marcelo Ebrard, Omar Garc\u00eda Harfuch o el propio Andr\u00e9s Manuel L\u00f3pez Beltr\u00e1n.<\/p>\n\n\n\n<p class=\"wp-block-paragraph\">Otros aliados de Ad\u00e1n Augusto en Veracruz para esta aventura en el futuro pr\u00f3ximo, son los Yunes M\u00e1rquez, la familia encabezada por el ex gobernador Miguel \u00c1ngel Yunes Linares.<\/p>\n\n\n\n<p class=\"wp-block-paragraph\">El analista Mario Maldonado, en su columna del 4 de abril, coment\u00f3 sobre una situaci\u00f3n donde el tabasque\u00f1o revent\u00f3 una reuni\u00f3n programada para el 2 de abril a las 9 de la ma\u00f1ana con senadores, para tratar temas de la elecci\u00f3n del Poder Judicial.<\/p>\n\n\n\n<p class=\"wp-block-paragraph\">\u201cLas versiones coinciden en que la situaci\u00f3n se dio como resultado de un berrinche, pues se asegura que el tabasque\u00f1o, ex secretario de Gobernaci\u00f3n, sigue sin poder superar el fracaso que le represent\u00f3 el asunto de la afiliaci\u00f3n del senador Miguel \u00c1ngel Yunes M\u00e1rquez a Morena, la cual fue rechazada por la Comisi\u00f3n Nacional de Honor y Justicia\u201d, detalla el columnista.<\/p>\n\n\n\n<p class=\"wp-block-paragraph\">\u201cPara Ad\u00e1n Augusto era de vital importancia que los Yunes se pusieran la camiseta guinda. Muchos ya ve\u00edan a Miguel \u00c1ngel como su candidato a la gubernatura de Veracruz\u201d, subraya.<\/p>\n\n\n\n<p class=\"wp-block-paragraph\">De igual manera, asegura que \u201cYunes M\u00e1rquez fue rechazado del partido por decisi\u00f3n directa de la presidenta Sheinbaum, y Ad\u00e1n Augusto, en represalia, se neg\u00f3 a participar en la reuni\u00f3n a la que convoc\u00f3 directamente, mediante el chat de los senadores, Luisa Mar\u00eda Alcalde\u201d.<\/p>\n\n\n\n<p class=\"wp-block-paragraph\">Esto no s\u00f3lo confronta al senador con la Presidenta de la Rep\u00fablica, sino que tambi\u00e9n ya tiene en contra a la presidenta del partido e incluso al presidente de la Mesa Directiva, Gerardo Fern\u00e1ndez Noro\u00f1a, con habr\u00eda tenido reclamos en privado, aderezados por \u201crencillas con el tabasque\u00f1o por la intenci\u00f3n que tiene de colocar a Andrea Ch\u00e1vez como presidenta de la Mesa Directiva\u201d.<\/p>\n\n\n\n<p class=\"wp-block-paragraph\">Luego entonces, para Ad\u00e1n Augusto fue muy dura la derrota que le propin\u00f3 la gobernadora Roc\u00edo Nahle, al no poder afiliar a Miguel como militante de Morena.<\/p>\n\n\n\n<p class=\"wp-block-paragraph\">Para el senador fue un golpe fulminante porque le arruinan parte de los planes tenebrosos que tiene, ya que sus principales aliados pol\u00edticos en el estado quedan apestados y casi a la deriva, con un patriarca (Yunes Linares) casi retirado de la vida pol\u00edtica. Aparte, no los quieren en el PAN los verdaderos panistas, no los quieren en el PRI los reales priistas, no los quieren en el Partido Verde (franquicia de la familia Herrera, archienemigos de los Yunes), y los de Movimiento Ciudadano se pitorrean del apellido.<\/p>\n\n\n\n<p class=\"wp-block-paragraph\">Los que les hac\u00edan ojitos son los del PT y pareciera que esa ser\u00eda la \u00fanica opci\u00f3n de franquicia que les queda a los Yunes para comprar en Veracruz. El problema es que los petistas se pusieron sus mo\u00f1os en la repartici\u00f3n de las candidaturas en lo que iba a ser la alianza Morena-Verde-PT para los ayuntamientos y prefirieron irse solos con resultados muy malos en las encuestas. Ahora est\u00e1n a punto de quedar fuera de la llamada Cuarta Transformaci\u00f3n, por lo que tampoco ser\u00eda algo viable para los Yunes y Ad\u00e1n Augusto.<\/p>\n\n\n\n<p class=\"wp-block-paragraph\">Otro aliado que ha perdido \u201cpower\u201d en Veracruz es el senador Manuel Huerta Ladr\u00f3n de Guevara, ya muy metido tambi\u00e9n con los Yunes y atacando a compa\u00f1eros de su propio partido. Huerta, al igual que Ad\u00e1n, no entiende que hay jefas pol\u00edticas a las que se tienen qu\u00e9 reportar: la presidenta Claudia Sheinbaum y la gobernadora Roc\u00edo Nahle, aunque les duela su machito coraz\u00f3n.<\/p>\n\n\n\n<p class=\"wp-block-paragraph\">En Tabasco (que es un estado muy peque\u00f1o, de poca votaci\u00f3n) Ad\u00e1n Augusto tambi\u00e9n perdi\u00f3 poder: su gallo a la gubernatura, Ra\u00fal Ojeda, qued\u00f3 en tercer lugar y con el actual mandatario, Javier May, mantiene pleito al grado de que \u00e9ste lo se\u00f1ala de haber permitido que creciera la delincuencia organizada en el estado natal del ex presidente L\u00f3pez Obrador.<\/p>\n\n\n\n<p class=\"wp-block-paragraph\">As\u00ed que, en resumen: Ad\u00e1n no tiene el gran respaldo que en Veracruz buscaba a trav\u00e9s de los Yunes (vaya ideota; ac\u00e1 no los quiere nadie); su amigo Sergio Guti\u00e9rrez sigue sin tener estructura real en la entidad; a Manuel Huerta ya le desarmaron su andamiaje; y s\u00f3lo tiene un par de empresarios millonarios en la entidad, que si les rascan en la Unidad de Inteligencia Financiera, lo terminar\u00edan dejando solo.<\/p>\n\n\n\n<p class=\"wp-block-paragraph\">De hecho, por lo que se lee en El Universal, ya le est\u00e1n mandando mensajes al senador \u201crebelde\u201d.<\/p>\n\n\n\n<p class=\"wp-block-paragraph\">Pero eso s\u00ed, le quedar\u00e1n los buenos recuerdos de una legendaria peda, con buena compa\u00f1\u00eda, en Coatepec. Ah\u00ed en la hacienda donde dicen que lleg\u00f3 desde Cuba la primera mata de caf\u00e9 a la Am\u00e9rica Continental, en tiempos de la Conquista.<\/p>\n\n\n\n<p class=\"wp-block-paragraph\">\u00daNICA NOTA PARA PEGAR EN EL REFRI: Este fin de semana estuvo de visita la magistrada Lorena Josefina P\u00e9rez Romo, candidata a ministra de la Suprema Corte de Justicia de la Naci\u00f3n, quien propuso en su conferencia ante integrantes del Colegio Nacional de Abogados Penalistas A.C., en Boca del R\u00edo, que el m\u00e1ximo tribunal del pa\u00eds salga de su zona de confort: \u201csacarla de esas oficinas de m\u00e1rmol y llevarla a cada comunidad para sesionar frente a la gente\u201d.<\/p>\n","protected":false},"excerpt":{"rendered":"<p>ColumnaSinNombre \/ Las opiniones vertidas en este espacio son responsabilidad de quien las emite @pablojair Abrazote para sensei Bernab\u00e9, por su reconocimiento en Hidalgo\u2014Chopenjawer Esta semana se pudo leer a dos columnistas de peso, muy informados, en el peri\u00f3dico El Universal: Mario Maldonado y Claudio Ochoa Huerta. Ambos hablaron sobre el pesar que ahora tiene [&hellip;]<\/p>\n","protected":false},"author":2,"featured_media":4163,"comment_status":"open","ping_status":"open","sticky":false,"template":"","format":"standard","meta":{"rop_custom_images_group":[],"rop_custom_messages_group":[],"rop_publish_now":"initial","rop_publish_now_accounts":{"facebook_2001103103558832_108675811699976":""},"rop_publish_now_history":[],"rop_publish_now_status":"pending","footnotes":""},"categories":[6,1],"tags":[],"class_list":["post-4629","post","type-post","status-publish","format-standard","has-post-thumbnail","hentry","category-estatal","category-sin-categoria"],"_links":{"self":[{"href":"https:\/\/reporte272.com\/portal\/wp-json\/wp\/v2\/posts\/4629","targetHints":{"allow":["GET"]}}],"collection":[{"href":"https:\/\/reporte272.com\/portal\/wp-json\/wp\/v2\/posts"}],"about":[{"href":"https:\/\/reporte272.com\/portal\/wp-json\/wp\/v2\/types\/post"}],"author":[{"embeddable":true,"href":"https:\/\/reporte272.com\/portal\/wp-json\/wp\/v2\/users\/2"}],"replies":[{"embeddable":true,"href":"https:\/\/reporte272.com\/portal\/wp-json\/wp\/v2\/comments?post=4629"}],"version-history":[{"count":2,"href":"https:\/\/reporte272.com\/portal\/wp-json\/wp\/v2\/posts\/4629\/revisions"}],"predecessor-version":[{"id":4632,"href":"https:\/\/reporte272.com\/portal\/wp-json\/wp\/v2\/posts\/4629\/revisions\/4632"}],"wp:featuredmedia":[{"embeddable":true,"href":"https:\/\/reporte272.com\/portal\/wp-json\/wp\/v2\/media\/4163"}],"wp:attachment":[{"href":"https:\/\/reporte272.com\/portal\/wp-json\/wp\/v2\/media?parent=4629"}],"wp:term":[{"taxonomy":"category","embeddable":true,"href":"https:\/\/reporte272.com\/portal\/wp-json\/wp\/v2\/categories?post=4629"},{"taxonomy":"post_tag","embeddable":true,"href":"https:\/\/reporte272.com\/portal\/wp-json\/wp\/v2\/tags?post=4629"}],"curies":[{"name":"wp","href":"https:\/\/api.w.org\/{rel}","templated":true}]}}