{"id":4635,"date":"2025-04-07T07:03:53","date_gmt":"2025-04-07T07:03:53","guid":{"rendered":"https:\/\/reporte272.com\/portal\/?p=4635"},"modified":"2025-04-07T07:03:54","modified_gmt":"2025-04-07T07:03:54","slug":"motociclista-pierde-la-vida-tras-chocar-contra-una-barda","status":"publish","type":"post","link":"https:\/\/reporte272.com\/portal\/motociclista-pierde-la-vida-tras-chocar-contra-una-barda\/","title":{"rendered":"Motociclista pierde la vida tras chocar contra una barda"},"content":{"rendered":"\n<p class=\"wp-block-paragraph\"><strong>Fort\u00edn, Veracruz. (Reporte272 \/ Rodrigo Medina).- <\/strong>Un hombre perdi\u00f3 la vida la noche de este domingo al impactar su motocicleta contra una barda de una vivienda que se ubica sobre el tramo carretero de Monte Blanco-Santa Elena.<\/p>\n\n\n\n<p class=\"wp-block-paragraph\">De manera extraoficial se conoci\u00f3 que el occiso perdi\u00f3 el control de su moto y al llegar a una curva termin\u00f3 estampandose contra una barda.<\/p>\n\n\n\n<p class=\"wp-block-paragraph\">Al lugar arribaron param\u00e9dicos Samuv y Rescatistas Primeros Respondientes de esta localidad para dar atenci\u00f3n al masculino, quien ya no contaba con signos vitales.<\/p>\n","protected":false},"excerpt":{"rendered":"<p>Fort\u00edn, Veracruz. (Reporte272 \/ Rodrigo Medina).- Un hombre perdi\u00f3 la vida la noche de este domingo al impactar su motocicleta contra una barda de una vivienda que se ubica sobre el tramo carretero de Monte Blanco-Santa Elena. De manera extraoficial se conoci\u00f3 que el occiso perdi\u00f3 el control de su moto y al llegar a [&hellip;]<\/p>\n","protected":false},"author":2,"featured_media":4636,"comment_status":"open","ping_status":"open","sticky":false,"template":"","format":"standard","meta":{"rop_custom_images_group":[],"rop_custom_messages_group":[],"rop_publish_now":"initial","rop_publish_now_accounts":{"facebook_2001103103558832_108675811699976":""},"rop_publish_now_history":[],"rop_publish_now_status":"pending","footnotes":""},"categories":[9],"tags":[],"class_list":["post-4635","post","type-post","status-publish","format-standard","has-post-thumbnail","hentry","category-policiaca"],"_links":{"self":[{"href":"https:\/\/reporte272.com\/portal\/wp-json\/wp\/v2\/posts\/4635","targetHints":{"allow":["GET"]}}],"collection":[{"href":"https:\/\/reporte272.com\/portal\/wp-json\/wp\/v2\/posts"}],"about":[{"href":"https:\/\/reporte272.com\/portal\/wp-json\/wp\/v2\/types\/post"}],"author":[{"embeddable":true,"href":"https:\/\/reporte272.com\/portal\/wp-json\/wp\/v2\/users\/2"}],"replies":[{"embeddable":true,"href":"https:\/\/reporte272.com\/portal\/wp-json\/wp\/v2\/comments?post=4635"}],"version-history":[{"count":1,"href":"https:\/\/reporte272.com\/portal\/wp-json\/wp\/v2\/posts\/4635\/revisions"}],"predecessor-version":[{"id":4637,"href":"https:\/\/reporte272.com\/portal\/wp-json\/wp\/v2\/posts\/4635\/revisions\/4637"}],"wp:featuredmedia":[{"embeddable":true,"href":"https:\/\/reporte272.com\/portal\/wp-json\/wp\/v2\/media\/4636"}],"wp:attachment":[{"href":"https:\/\/reporte272.com\/portal\/wp-json\/wp\/v2\/media?parent=4635"}],"wp:term":[{"taxonomy":"category","embeddable":true,"href":"https:\/\/reporte272.com\/portal\/wp-json\/wp\/v2\/categories?post=4635"},{"taxonomy":"post_tag","embeddable":true,"href":"https:\/\/reporte272.com\/portal\/wp-json\/wp\/v2\/tags?post=4635"}],"curies":[{"name":"wp","href":"https:\/\/api.w.org\/{rel}","templated":true}]}}